{"id":7181,"date":"2007-02-16T00:00:00","date_gmt":"2007-02-16T02:00:00","guid":{"rendered":"https:\/\/crea-mt.org.br\/portal\/servicos-crea-mt-fecha-na-segunda-e-retorna-quarta-feira\/"},"modified":"2007-02-16T00:00:00","modified_gmt":"2007-02-16T02:00:00","slug":"servicos-crea-mt-fecha-na-segunda-e-retorna-quarta-feira","status":"publish","type":"post","link":"https:\/\/www.crea-mt.org.br\/portal\/servicos-crea-mt-fecha-na-segunda-e-retorna-quarta-feira\/","title":{"rendered":"SERVI\u00c7OS: Crea-MT fecha na segunda e retorna quarta-feira"},"content":{"rendered":"<p>Em raz\u00e3o do feriado de Carnaval, a sede do Conselho Regional de Engenharia, Arquitetura e Agronomia de Mato Grosso (Crea-MT) e, suas 21 inspetorias n\u00e3o funcionar\u00e3o nesta segunda e ter\u00e7a-feira (19 e 20.02), retornando \u00e0s atividades na quarta-feira (21.02), a partir das 12h.<\/p>\n<p>As inspetorias do Crea-MT est\u00e3o localizadas em \u00c1gua Boa,  Alta Floresta, Barra do Gar\u00e7as, C\u00e1ceres,  Canarana, Diamantino, Guarant\u00e3 do Norte, Jaciara, Juara, Ju\u00edna, Lucas do Rio Verde, Mirassol D&#8217;Oeste, Pontes e Lacerda, Primavera do Leste, Rondon\u00f3polis, Sapezal, Sinop, Sorriso, Tangar\u00e1 da Serra, V\u00e1rzea Grande e Vila Rica.<\/p>\n<p>A sede do \u00f3rg\u00e3o est\u00e1 localizada \u00e0 Avenida Historiador Rubens de Mendon\u00e7a, 191, e o atendimento ao p\u00fablico funciona no per\u00edodo das 12h \u00e0s 18h.<\/p>\n<p>*Rafaela Maximiano<br \/>\nAssessoria\/Crea-MT<\/p>\n","protected":false},"excerpt":{"rendered":"<p>Em raz\u00e3o do feriado de Carnaval, a sede do Conselho Regional de Engenharia, Arquitetura e Agronomia de Mato Grosso (Crea-MT) e, suas 21 inspetorias n\u00e3o funcionar\u00e3o nesta segunda e ter\u00e7a-feira (19 e 20.02), retornando \u00e0s atividades na quarta-feira (21.02), a partir das 12h. As inspetorias do Crea-MT est\u00e3o localizadas em \u00c1gua Boa, Alta Floresta, Barra [&hellip;]<\/p>\n","protected":false},"author":1,"featured_media":0,"comment_status":"open","ping_status":"open","sticky":false,"template":"","format":"standard","meta":{"footnotes":""},"categories":[1],"tags":[],"class_list":["post-7181","post","type-post","status-publish","format-standard","hentry","category-noticias"],"acf":[],"_links":{"self":[{"href":"https:\/\/www.crea-mt.org.br\/portal\/wp-json\/wp\/v2\/posts\/7181","targetHints":{"allow":["GET"]}}],"collection":[{"href":"https:\/\/www.crea-mt.org.br\/portal\/wp-json\/wp\/v2\/posts"}],"about":[{"href":"https:\/\/www.crea-mt.org.br\/portal\/wp-json\/wp\/v2\/types\/post"}],"author":[{"embeddable":true,"href":"https:\/\/www.crea-mt.org.br\/portal\/wp-json\/wp\/v2\/users\/1"}],"replies":[{"embeddable":true,"href":"https:\/\/www.crea-mt.org.br\/portal\/wp-json\/wp\/v2\/comments?post=7181"}],"version-history":[{"count":0,"href":"https:\/\/www.crea-mt.org.br\/portal\/wp-json\/wp\/v2\/posts\/7181\/revisions"}],"wp:attachment":[{"href":"https:\/\/www.crea-mt.org.br\/portal\/wp-json\/wp\/v2\/media?parent=7181"}],"wp:term":[{"taxonomy":"category","embeddable":true,"href":"https:\/\/www.crea-mt.org.br\/portal\/wp-json\/wp\/v2\/categories?post=7181"},{"taxonomy":"post_tag","embeddable":true,"href":"https:\/\/www.crea-mt.org.br\/portal\/wp-json\/wp\/v2\/tags?post=7181"}],"curies":[{"name":"wp","href":"https:\/\/api.w.org\/{rel}","templated":true}]}}