{"id":7180,"date":"2007-02-16T00:00:00","date_gmt":"2007-02-16T02:00:00","guid":{"rendered":"https:\/\/crea-mt.org.br\/portal\/bassan-avalia-como-positiva-reuniao-com-ministro-do-tcu-augusto-nardes\/"},"modified":"2007-02-16T00:00:00","modified_gmt":"2007-02-16T02:00:00","slug":"bassan-avalia-como-positiva-reuniao-com-ministro-do-tcu-augusto-nardes","status":"publish","type":"post","link":"https:\/\/www.crea-mt.org.br\/portal\/bassan-avalia-como-positiva-reuniao-com-ministro-do-tcu-augusto-nardes\/","title":{"rendered":"Bassan avalia como positiva reuni\u00e3o com ministro do TCU, Augusto Nardes"},"content":{"rendered":"<p>O presidente do Conselho Regional de Engenharia, Arquitetura e Agronomia de Mato Grosso (Crea-MT), Tarciso Bassan, classificou como positivas as reuni\u00f5es que teve, com deputados federais pela manh\u00e3 e final da tarde e com o ministro do Tribunal de Contas da Uni\u00e3o (TCU), Augusto Nardes, dia 14 de fevereiro, em Bras\u00edlia. &#8220;Foram reuni\u00f5es proveitosas para os profissionais do Sistema e para o Crea-MT, onde as necessidades de Mato Grosso foram colocadas pontualmente para que nossas prioridades possam ser atendidas&#8221;, avaliou.<\/p>\n<p>Ele disse ainda, que entre os temas expostos ao ministro est\u00e1 a consulta da viabilidade de concretizar um conv\u00eanio entre Governo do Estado de Mato Grosso e Crea-MT para favorecer o controle interno das constru\u00e7\u00f5es e reformas e, a qualidade do servi\u00e7o e dos materiais empregados nas obras estaduais. <\/p>\n<p>&#8220;Como o convite foi feito pelo secret\u00e1rio de Estado de Educa\u00e7\u00e3o, Luiz Antonio Pagot, estamos fazendo v\u00e1rias consultas verificando a viabilidade desse conv\u00eanio. Entendemos que o Crea-MT pode  e deve contribuir para um maior controle principalmente na qualidade dos materiais empregados em obras p\u00fablicas. Por conseq\u00fc\u00eancia estaremos verificando a qualidade do servi\u00e7o executados pelos profissionais da \u00e1rea em Mato Grosso&#8221;, explicou Bassan<\/p>\n<p>O assessor jur\u00eddico do Crea-MT, Jo\u00e3o Ricardo Moreira, que participou das discuss\u00f5es na reuni\u00e3o com os deputados, senador e o ministro informou que foi muito produtiva e o sentimento geral \u00e9 de que o Crea-MT possa contribuir positivamente para a sociedade mato-grossense.<\/p>\n<p>*Rafaela Maximiano<br \/>\nAssessoria\/Crea-MT<\/p>\n","protected":false},"excerpt":{"rendered":"<p>O presidente do Conselho Regional de Engenharia, Arquitetura e Agronomia de Mato Grosso (Crea-MT), Tarciso Bassan, classificou como positivas as reuni\u00f5es que teve, com deputados federais pela manh\u00e3 e final da tarde e com o ministro do Tribunal de Contas da Uni\u00e3o (TCU), Augusto Nardes, dia 14 de fevereiro, em Bras\u00edlia. &#8220;Foram reuni\u00f5es proveitosas para [&hellip;]<\/p>\n","protected":false},"author":1,"featured_media":0,"comment_status":"open","ping_status":"open","sticky":false,"template":"","format":"standard","meta":{"footnotes":""},"categories":[1],"tags":[],"class_list":["post-7180","post","type-post","status-publish","format-standard","hentry","category-noticias"],"acf":[],"_links":{"self":[{"href":"https:\/\/www.crea-mt.org.br\/portal\/wp-json\/wp\/v2\/posts\/7180","targetHints":{"allow":["GET"]}}],"collection":[{"href":"https:\/\/www.crea-mt.org.br\/portal\/wp-json\/wp\/v2\/posts"}],"about":[{"href":"https:\/\/www.crea-mt.org.br\/portal\/wp-json\/wp\/v2\/types\/post"}],"author":[{"embeddable":true,"href":"https:\/\/www.crea-mt.org.br\/portal\/wp-json\/wp\/v2\/users\/1"}],"replies":[{"embeddable":true,"href":"https:\/\/www.crea-mt.org.br\/portal\/wp-json\/wp\/v2\/comments?post=7180"}],"version-history":[{"count":0,"href":"https:\/\/www.crea-mt.org.br\/portal\/wp-json\/wp\/v2\/posts\/7180\/revisions"}],"wp:attachment":[{"href":"https:\/\/www.crea-mt.org.br\/portal\/wp-json\/wp\/v2\/media?parent=7180"}],"wp:term":[{"taxonomy":"category","embeddable":true,"href":"https:\/\/www.crea-mt.org.br\/portal\/wp-json\/wp\/v2\/categories?post=7180"},{"taxonomy":"post_tag","embeddable":true,"href":"https:\/\/www.crea-mt.org.br\/portal\/wp-json\/wp\/v2\/tags?post=7180"}],"curies":[{"name":"wp","href":"https:\/\/api.w.org\/{rel}","templated":true}]}}