{"id":7179,"date":"2007-02-16T00:00:00","date_gmt":"2007-02-16T02:00:00","guid":{"rendered":"https:\/\/crea-mt.org.br\/portal\/fpi-notifica-irregularidades-em-carnaval-de-rua-de-santo-antonio-de-leverger\/"},"modified":"2007-02-16T00:00:00","modified_gmt":"2007-02-16T02:00:00","slug":"fpi-notifica-irregularidades-em-carnaval-de-rua-de-santo-antonio-de-leverger","status":"publish","type":"post","link":"https:\/\/www.crea-mt.org.br\/portal\/fpi-notifica-irregularidades-em-carnaval-de-rua-de-santo-antonio-de-leverger\/","title":{"rendered":"FPI notifica irregularidades em carnaval de rua de Santo Antonio de Leverger"},"content":{"rendered":"<p>A promotora de Justi\u00e7a Julieta do Nascimento Souza e o Juiz da Vara \u00danica de Santo Antonio de Leverger, L\u00eddio Modesto da Silva Filho, foram oficializados sobre a situa\u00e7\u00e3o das estruturas montadas para o carnaval de rua da cidade, no in\u00edcio da tarde desta sexta-feira (16.02), pelo Conselho Regional de Engenharia, Arquitetura e Agronomia de Mato Grosso (Crea-MT).<\/p>\n<p>De acordo com os relat\u00f3rios da Fiscaliza\u00e7\u00e3o Preventiva Integrada (FPI), foram constatadas, a falta das Anota\u00e7\u00f5es de Responsabilidades T\u00e9cnicas (ARTs) referentes \u00e0 elabora\u00e7\u00e3o dos projetos junto ao Crea-MT e, de um profissional legalmente habilitado como respons\u00e1vel t\u00e9cnico pela elabora\u00e7\u00e3o do projeto estrutural.<\/p>\n<p>As fiscaliza\u00e7\u00f5es ocorreram ap\u00f3s den\u00fancia das estruturas montadas na pra\u00e7a Eug\u00eanio de Figueiredo, informou o fiscal do Crea-MT Adriano Jos\u00e9 Oliveira. As notifica\u00e7\u00f5es emitidas exigem a apresenta\u00e7\u00e3o de c\u00f3pias das ARTs de elabora\u00e7\u00e3o do projeto estrutural de palco, camarote e memorial descritivo da instala\u00e7\u00e3o de ilumina\u00e7\u00e3o e sonoriza\u00e7\u00e3o do evento. <\/p>\n<p>O prefeito da cidade, Faustino Dias Neto, e o organizador do evento M\u00e1rcio Jos\u00e9 Teixeira, tamb\u00e9m receberam um termo de responsabilidade e compromisso, informando das orienta\u00e7\u00f5es e procedimentos a serem seguidos para a realiza\u00e7\u00e3o do carnaval de rua.<\/p>\n<p>&#8220;Como n\u00e3o \u00e9 de compet\u00eancia do Crea embargar eventos, mas sim garantir a seguran\u00e7a das pessoas, informamos oficialmente \u00e0s autoridades competentes para que sejam tomadas as provid\u00eancias cab\u00edveis&#8221;, informou o presidente do Crea-MT, Tarciso Bassan. <\/p>\n<p>A &#8220;Opera\u00e7\u00e3o Carnaval 2007&#8221;, ocorreu entre os dias 05 e 16 de fevereiro nos munic\u00edpios de V\u00e1rzea Grande, Cuiab\u00e1, Acorizal, Chapada dos Guimar\u00e3es, Nossa Senhora do Livramento, Pocon\u00e9, Santo Ant\u00f4nio do Leverger, Bar\u00e3o de Melga\u00e7o e Rondon\u00f3polis.<\/p>\n<p>Participam da Opera\u00e7\u00e3o de Carnaval o Corpo de Bombeiros, Defesa Civil dos munic\u00edpios, Prefeituras, Vigil\u00e2ncia Sanit\u00e1ria, PROCON, Juizado da Inf\u00e2ncia e Adolesc\u00eancia, Secretaria Estadual de Turismo, Conselho Regional de Medicina e Conselho Regional de Enfermagem. O Crea-MT foi o coordenador do trabalho e, em campo a atua\u00e7\u00e3o foi realizada em conformidade com as atribui\u00e7\u00f5es legais de cada institui\u00e7\u00e3o participante. <\/p>\n<p>Para den\u00fancias no per\u00edodo de Carnaval o Crea-MT orienta a comunica\u00e7\u00e3o com o Copo de Bombeiros, que estar\u00e1 com uma equipe t\u00e9cnica de plant\u00e3o para fazer a fiscaliza\u00e7\u00e3o no per\u00edodo de 16 a 20.02, pelo telefone 3623-9183. <\/p>\n<p>*Rafaela Maximiano<br \/>\nAssessoria\/Crea-MT<\/p>\n<p>*Cristina Cavaleiro<br \/>\nEspecial para o Crea-MT<\/p>\n","protected":false},"excerpt":{"rendered":"<p>A promotora de Justi\u00e7a Julieta do Nascimento Souza e o Juiz da Vara \u00danica de Santo Antonio de Leverger, L\u00eddio Modesto da Silva Filho, foram oficializados sobre a situa\u00e7\u00e3o das estruturas montadas para o carnaval de rua da cidade, no in\u00edcio da tarde desta sexta-feira (16.02), pelo Conselho Regional de Engenharia, Arquitetura e Agronomia de [&hellip;]<\/p>\n","protected":false},"author":1,"featured_media":0,"comment_status":"open","ping_status":"open","sticky":false,"template":"","format":"standard","meta":{"footnotes":""},"categories":[1],"tags":[],"class_list":["post-7179","post","type-post","status-publish","format-standard","hentry","category-noticias"],"acf":[],"_links":{"self":[{"href":"https:\/\/www.crea-mt.org.br\/portal\/wp-json\/wp\/v2\/posts\/7179","targetHints":{"allow":["GET"]}}],"collection":[{"href":"https:\/\/www.crea-mt.org.br\/portal\/wp-json\/wp\/v2\/posts"}],"about":[{"href":"https:\/\/www.crea-mt.org.br\/portal\/wp-json\/wp\/v2\/types\/post"}],"author":[{"embeddable":true,"href":"https:\/\/www.crea-mt.org.br\/portal\/wp-json\/wp\/v2\/users\/1"}],"replies":[{"embeddable":true,"href":"https:\/\/www.crea-mt.org.br\/portal\/wp-json\/wp\/v2\/comments?post=7179"}],"version-history":[{"count":0,"href":"https:\/\/www.crea-mt.org.br\/portal\/wp-json\/wp\/v2\/posts\/7179\/revisions"}],"wp:attachment":[{"href":"https:\/\/www.crea-mt.org.br\/portal\/wp-json\/wp\/v2\/media?parent=7179"}],"wp:term":[{"taxonomy":"category","embeddable":true,"href":"https:\/\/www.crea-mt.org.br\/portal\/wp-json\/wp\/v2\/categories?post=7179"},{"taxonomy":"post_tag","embeddable":true,"href":"https:\/\/www.crea-mt.org.br\/portal\/wp-json\/wp\/v2\/tags?post=7179"}],"curies":[{"name":"wp","href":"https:\/\/api.w.org\/{rel}","templated":true}]}}