{"id":7178,"date":"2007-02-21T00:00:00","date_gmt":"2007-02-21T02:00:00","guid":{"rendered":"https:\/\/crea-mt.org.br\/portal\/profissionais-e-empresas-registradas-no-crea-contam-com-seguro-profissional\/"},"modified":"2007-02-21T00:00:00","modified_gmt":"2007-02-21T02:00:00","slug":"profissionais-e-empresas-registradas-no-crea-contam-com-seguro-profissional","status":"publish","type":"post","link":"https:\/\/www.crea-mt.org.br\/portal\/profissionais-e-empresas-registradas-no-crea-contam-com-seguro-profissional\/","title":{"rendered":"Profissionais e Empresas registradas no CREA contam com Seguro Profissional"},"content":{"rendered":"<p>A M\u00fatua\/Caixa de Assist\u00eancia dos Profissionais do CREA, em parceria com a Real Seguros\/T\u00f3kio Marine Seguradora, apresenta o primeiro Seguro de Responsabilidade Civil Profissional para a \u00e1rea tecnol\u00f3gica, tanto para Profissionais como para as Empresas registradas.<\/p>\n<p>O que o Seguro Protege?<\/p>\n<p>O Seguro protege a responsabilidade t\u00e9cnica da Empresa ou do Profissional, quanto \u00e0 qualidade, solidez e seguran\u00e7a dos servi\u00e7os prestados, quer seja na execu\u00e7\u00e3o, fiscaliza\u00e7\u00e3o, gerenciamento, supervis\u00e3o e etc., de obras, projetos e servi\u00e7os, realizados de acordo com a emiss\u00e3o da ART (Anota\u00e7\u00e3o de Responsabilidade T\u00e9cnica) emitida junto ao Crea respectivo. <\/p>\n<p>O que o Seguro Garante?<\/p>\n<p>Garantido pela Real Seguros\/T\u00f3kio Marine Seguradora, a Empresa ou o Profissional tem o pagamento de indeniza\u00e7\u00f5es relativas a repara\u00e7\u00f5es por danos corporais, danos materiais e danos morais involuntariamente causados a terceiros, ocorridos durante a vig\u00eancia da ap\u00f3lice, at\u00e9 o limite m\u00e1ximo da import\u00e2ncia segurada e contratada. Ou seja, o seguro cobre as quantias pelas quais o segurado vier a ser responsabilizado civilmente, ou em acordo autorizado pela Seguradora, em fun\u00e7\u00e3o de eventuais falhas cometidas na execu\u00e7\u00e3o dos servi\u00e7os. Al\u00e9m disto, o Seguro garante o pagamento de honor\u00e1rios advocat\u00edcios e custas processuais viabilizando a defesa do Segurado.<\/p>\n<p>Vantagens do Seguro<br \/>\n&#8211; O Segurado passar\u00e1 a contar com a garantia de um seguro caso tenha que efetuar indeniza\u00e7\u00e3o em fun\u00e7\u00e3o de alguma falha ou omiss\u00e3o na execu\u00e7\u00e3o dos seus servi\u00e7os.<br \/>\n&#8211; O Segurado estar\u00e1 oferecendo uma garantia efetiva da qualidade de seus servi\u00e7os aos seus clientes.<br \/>\n&#8211; O Segurado ter\u00e1 viabilizada, em caso de uma a\u00e7\u00e3o judicial, a sua defesa no processo.<br \/>\n&#8211; O Segurado passar\u00e1 a contar com um diferencial em rela\u00e7\u00e3o \u00e0 concorr\u00eancia. <\/p>\n<p>Como contratar o Seguro RC Profissional? <\/p>\n<p>Para atender e prestar todas as informa\u00e7\u00f5es sobre este servi\u00e7o aos profissionais e empresas, o Sistema Confea\/Creas\/M\u00fatua criou um Centro de Coordena\u00e7\u00e3o que tem como objetivo esclarecer as d\u00favidas, recepcionar as propostas e elaborar um banco de dados in\u00e9dito no pa\u00eds sobre a Responsabilidade Civil dos profissionais e das empresas registradas nos Creas. Tamb\u00e9m foi desenvolvida uma p\u00e1gina na internet que disponibiliza inclusive a contrata\u00e7\u00e3o on-line do produto.<\/p>\n<p>Como Obter maiores informa\u00e7\u00f5es?<\/p>\n<p>Para maiores informa\u00e7\u00f5es acesse: www.profissionalcrea.com.br ou ligue para 0800.61.0003- op\u00e7\u00e3o 1.<\/p>\n<p>*Fonte: Centro de Coordena\u00e7\u00e3o Seguro RC Profissional<\/p>\n","protected":false},"excerpt":{"rendered":"<p>A M\u00fatua\/Caixa de Assist\u00eancia dos Profissionais do CREA, em parceria com a Real Seguros\/T\u00f3kio Marine Seguradora, apresenta o primeiro Seguro de Responsabilidade Civil Profissional para a \u00e1rea tecnol\u00f3gica, tanto para Profissionais como para as Empresas registradas. O que o Seguro Protege? O Seguro protege a responsabilidade t\u00e9cnica da Empresa ou do Profissional, quanto \u00e0 qualidade, [&hellip;]<\/p>\n","protected":false},"author":1,"featured_media":0,"comment_status":"open","ping_status":"open","sticky":false,"template":"","format":"standard","meta":{"footnotes":""},"categories":[1],"tags":[],"class_list":["post-7178","post","type-post","status-publish","format-standard","hentry","category-noticias"],"acf":[],"_links":{"self":[{"href":"https:\/\/www.crea-mt.org.br\/portal\/wp-json\/wp\/v2\/posts\/7178","targetHints":{"allow":["GET"]}}],"collection":[{"href":"https:\/\/www.crea-mt.org.br\/portal\/wp-json\/wp\/v2\/posts"}],"about":[{"href":"https:\/\/www.crea-mt.org.br\/portal\/wp-json\/wp\/v2\/types\/post"}],"author":[{"embeddable":true,"href":"https:\/\/www.crea-mt.org.br\/portal\/wp-json\/wp\/v2\/users\/1"}],"replies":[{"embeddable":true,"href":"https:\/\/www.crea-mt.org.br\/portal\/wp-json\/wp\/v2\/comments?post=7178"}],"version-history":[{"count":0,"href":"https:\/\/www.crea-mt.org.br\/portal\/wp-json\/wp\/v2\/posts\/7178\/revisions"}],"wp:attachment":[{"href":"https:\/\/www.crea-mt.org.br\/portal\/wp-json\/wp\/v2\/media?parent=7178"}],"wp:term":[{"taxonomy":"category","embeddable":true,"href":"https:\/\/www.crea-mt.org.br\/portal\/wp-json\/wp\/v2\/categories?post=7178"},{"taxonomy":"post_tag","embeddable":true,"href":"https:\/\/www.crea-mt.org.br\/portal\/wp-json\/wp\/v2\/tags?post=7178"}],"curies":[{"name":"wp","href":"https:\/\/api.w.org\/{rel}","templated":true}]}}