{"id":7177,"date":"2007-02-21T00:00:00","date_gmt":"2007-02-21T02:00:00","guid":{"rendered":"https:\/\/crea-mt.org.br\/portal\/rio-madeira-bolivia-reafirma-necessidade-de-novos-estudos-ambientais\/"},"modified":"2007-02-21T00:00:00","modified_gmt":"2007-02-21T02:00:00","slug":"rio-madeira-bolivia-reafirma-necessidade-de-novos-estudos-ambientais","status":"publish","type":"post","link":"https:\/\/www.crea-mt.org.br\/portal\/rio-madeira-bolivia-reafirma-necessidade-de-novos-estudos-ambientais\/","title":{"rendered":"Rio Madeira &#8211; Bol\u00edvia reafirma necessidade de novos estudos ambientais"},"content":{"rendered":"<p>O presidente boliviano, Evo Morales, deixou o Brasil sem que se chegasse a um acordo quanto a projetos hidrel\u00e9tricos no rio Madeira. Segundo informa o jornal Folha de S\u00e3o Paulo, Morales reafirmou que os estudos brasileiros s\u00e3o insuficientes para garantir que territ\u00f3rio boliviano n\u00e3o ser\u00e1 impactado, e teria pedido at\u00e9 mesmo o cancelamento do processo de licenciamento das usinas de Sanro Ant\u00f4nio e Jirau, em Rond\u00f4nia. Ainda segundo o jornal, a proposta de usinas binacionais do outro lado da fronteira, mesmo bem-recebido, n\u00e3o foi o bastante para aplacar a preocupa\u00e7\u00e3o de La Paz com o projeto brasileiro.<\/p>\n<p>J\u00e1 na \u00faltima quarta-feira, o ministro de Servi\u00e7os e Obras P\u00fablicas da Bol\u00edvia, Jerjes Mercado Su\u00e1rez, reiterou a posi\u00e7\u00e3o de seu pa\u00eds em exigir novos estudos ambientais para a instala\u00e7\u00e3o das duas represas brasileiras em Rond\u00f4nia.  <\/p>\n<p>Como informou o Amazonia.org.br no mesmo dia, organiza\u00e7\u00f5es n\u00e3o-governamentais como o F\u00f3rum Boliviano sobre Meio-Ambiente e Desenvolvimento (Fobomade) e a Federa\u00e7\u00e3o Sindical \u00danica de Trabalhadores Campesinos do Pando (Fsutcp) estariam presionando o governo local, denunciando que as represas projetadas t\u00eam como \u00fanico objetivo a produ\u00e7\u00e3o de eletricidade destinada \u00e0s zonas industriais do Centro-Sul brasileiro, e n\u00e3o para o abastecimento das regi\u00f5es afetadas.  Com isso, o ministro declarou que o Brasil n\u00e3o poder\u00e1 dar in\u00edcio a constru\u00e7\u00e3o das represas at\u00e9 demonstrar que estas n\u00e3o prejudicar\u00e3o a Bol\u00edvia no plano social, ambiental e econ\u00f4mico.  &#8220;Chegamos a esta posi\u00e7\u00e3o na semana passada na reuni\u00e3o com as autoridades brasileiras, \u00e9 uma situa\u00e7\u00e3o complicada, mas estou convencido que vamos encontrar uma solu\u00e7\u00e3o onde ambos os pa\u00edses saiam ganhando&#8221;, explicou.  O estudos complementares que est\u00e3o sendo exigidos dever\u00e3o ser confrontados com an\u00e1lises iniciadas por t\u00e9cnicos da pr\u00f3pria Bol\u00edvia.<\/p>\n<p>*Fonte: Amazonia.org.br<br \/>\nLink: http:\/\/www.amazonia.org.br <\/p>\n","protected":false},"excerpt":{"rendered":"<p>O presidente boliviano, Evo Morales, deixou o Brasil sem que se chegasse a um acordo quanto a projetos hidrel\u00e9tricos no rio Madeira. Segundo informa o jornal Folha de S\u00e3o Paulo, Morales reafirmou que os estudos brasileiros s\u00e3o insuficientes para garantir que territ\u00f3rio boliviano n\u00e3o ser\u00e1 impactado, e teria pedido at\u00e9 mesmo o cancelamento do processo [&hellip;]<\/p>\n","protected":false},"author":1,"featured_media":0,"comment_status":"open","ping_status":"open","sticky":false,"template":"","format":"standard","meta":{"footnotes":""},"categories":[1],"tags":[],"class_list":["post-7177","post","type-post","status-publish","format-standard","hentry","category-noticias"],"acf":[],"_links":{"self":[{"href":"https:\/\/www.crea-mt.org.br\/portal\/wp-json\/wp\/v2\/posts\/7177","targetHints":{"allow":["GET"]}}],"collection":[{"href":"https:\/\/www.crea-mt.org.br\/portal\/wp-json\/wp\/v2\/posts"}],"about":[{"href":"https:\/\/www.crea-mt.org.br\/portal\/wp-json\/wp\/v2\/types\/post"}],"author":[{"embeddable":true,"href":"https:\/\/www.crea-mt.org.br\/portal\/wp-json\/wp\/v2\/users\/1"}],"replies":[{"embeddable":true,"href":"https:\/\/www.crea-mt.org.br\/portal\/wp-json\/wp\/v2\/comments?post=7177"}],"version-history":[{"count":0,"href":"https:\/\/www.crea-mt.org.br\/portal\/wp-json\/wp\/v2\/posts\/7177\/revisions"}],"wp:attachment":[{"href":"https:\/\/www.crea-mt.org.br\/portal\/wp-json\/wp\/v2\/media?parent=7177"}],"wp:term":[{"taxonomy":"category","embeddable":true,"href":"https:\/\/www.crea-mt.org.br\/portal\/wp-json\/wp\/v2\/categories?post=7177"},{"taxonomy":"post_tag","embeddable":true,"href":"https:\/\/www.crea-mt.org.br\/portal\/wp-json\/wp\/v2\/tags?post=7177"}],"curies":[{"name":"wp","href":"https:\/\/api.w.org\/{rel}","templated":true}]}}