{"id":7172,"date":"2007-02-22T00:00:00","date_gmt":"2007-02-22T02:00:00","guid":{"rendered":"https:\/\/crea-mt.org.br\/portal\/ibama-aumenta-fiscalizacao-na-amazonia-e-apreende-pescado-irregular\/"},"modified":"2007-02-22T00:00:00","modified_gmt":"2007-02-22T02:00:00","slug":"ibama-aumenta-fiscalizacao-na-amazonia-e-apreende-pescado-irregular","status":"publish","type":"post","link":"https:\/\/www.crea-mt.org.br\/portal\/ibama-aumenta-fiscalizacao-na-amazonia-e-apreende-pescado-irregular\/","title":{"rendered":"Ibama aumenta fiscaliza\u00e7\u00e3o na Amaz\u00f4nia e apreende pescado irregular"},"content":{"rendered":"<p>O Instituto Brasileiro de Meio Ambiente e dos Recursos Naturais Renov\u00e1veis (Ibama) aumentou o ritmo da fiscaliza\u00e7\u00e3o nos rios da Amaz\u00f4nia, para coibir a pesca nos per\u00edodos de defeso &#8211; \u00e9poca de reprodu\u00e7\u00e3o dos peixes, em que fica proibida a pesca, a fim de evitar a extin\u00e7\u00e3o das esp\u00e9cies. Com esse objetivo, realizou opera\u00e7\u00e3o nas proximidades de Manaus, entre os dias 8 e 14 deste m\u00eas, quando apreendeu 33 mil quilos de pescado comercializados irregularmente.<\/p>\n<p>O balan\u00e7o da opera\u00e7\u00e3o foi divulgado pelo chefe da Fiscaliza\u00e7\u00e3o do Ibama em Manaus, Adilson Cordeiro. Segundo ele foram inspecionadas mais de 40 embarca\u00e7\u00f5es pesqueiras, al\u00e9m de frigor\u00edficos da regi\u00e3o. O que chamou mais a aten\u00e7\u00e3o, revelou ele, foi o esquema de distribui\u00e7\u00e3o e venda montado pelo frigor\u00edfico Dourado, de Iranduba, nas margens do Rio Negro, 40 quil\u00f4metros ao norte da capital amazonense.<\/p>\n<p>Ele disse que da declara\u00e7\u00e3o de estoque do frigor\u00edfico em 16 de novembro do ano passado constam mais de 100 toneladas das esp\u00e9cies mapar\u00e1, curimat\u00e3, sardinha, pacu e aruan\u00e3. Mas, mesmo tendo feito acordo com o N\u00facleo de Recursos Pesqueiros do Ibama para emitir notas de venda, com baixas di\u00e1rias do estoque, o frigor\u00edfico n\u00e3o registrava as sa\u00eddas e utilizava a declara\u00e7\u00e3o inicial como documento de comprova\u00e7\u00e3o de regularidade para o consumidor.<\/p>\n<p>Adilson Cordeiro disse que o Ibama aplicou multas no valor de R$ 344 mil, no per\u00edodo, e assegura que as opera\u00e7\u00f5es de fiscaliza\u00e7\u00e3o ser\u00e3o intensificadas para coibir a comercializa\u00e7\u00e3o irregular. Afirmou, tamb\u00e9m, que o Ibama distribuiu o peixe em bom estado de conserva\u00e7\u00e3o para consumo humano &#8211; cerca de 12 mil quilos &#8211; para 30 entidades de assist\u00eancia \u00e0s popula\u00e7\u00f5es carentes.<\/p>\n<p>*St\u00eanio Ribeiro<br \/>\nFonte: Radiobr\u00e1s<\/p>\n","protected":false},"excerpt":{"rendered":"<p>O Instituto Brasileiro de Meio Ambiente e dos Recursos Naturais Renov\u00e1veis (Ibama) aumentou o ritmo da fiscaliza\u00e7\u00e3o nos rios da Amaz\u00f4nia, para coibir a pesca nos per\u00edodos de defeso &#8211; \u00e9poca de reprodu\u00e7\u00e3o dos peixes, em que fica proibida a pesca, a fim de evitar a extin\u00e7\u00e3o das esp\u00e9cies. Com esse objetivo, realizou opera\u00e7\u00e3o nas [&hellip;]<\/p>\n","protected":false},"author":1,"featured_media":0,"comment_status":"open","ping_status":"open","sticky":false,"template":"","format":"standard","meta":{"footnotes":""},"categories":[1],"tags":[],"class_list":["post-7172","post","type-post","status-publish","format-standard","hentry","category-noticias"],"acf":[],"_links":{"self":[{"href":"https:\/\/www.crea-mt.org.br\/portal\/wp-json\/wp\/v2\/posts\/7172","targetHints":{"allow":["GET"]}}],"collection":[{"href":"https:\/\/www.crea-mt.org.br\/portal\/wp-json\/wp\/v2\/posts"}],"about":[{"href":"https:\/\/www.crea-mt.org.br\/portal\/wp-json\/wp\/v2\/types\/post"}],"author":[{"embeddable":true,"href":"https:\/\/www.crea-mt.org.br\/portal\/wp-json\/wp\/v2\/users\/1"}],"replies":[{"embeddable":true,"href":"https:\/\/www.crea-mt.org.br\/portal\/wp-json\/wp\/v2\/comments?post=7172"}],"version-history":[{"count":0,"href":"https:\/\/www.crea-mt.org.br\/portal\/wp-json\/wp\/v2\/posts\/7172\/revisions"}],"wp:attachment":[{"href":"https:\/\/www.crea-mt.org.br\/portal\/wp-json\/wp\/v2\/media?parent=7172"}],"wp:term":[{"taxonomy":"category","embeddable":true,"href":"https:\/\/www.crea-mt.org.br\/portal\/wp-json\/wp\/v2\/categories?post=7172"},{"taxonomy":"post_tag","embeddable":true,"href":"https:\/\/www.crea-mt.org.br\/portal\/wp-json\/wp\/v2\/tags?post=7172"}],"curies":[{"name":"wp","href":"https:\/\/api.w.org\/{rel}","templated":true}]}}