{"id":7168,"date":"2007-02-23T00:00:00","date_gmt":"2007-02-23T02:00:00","guid":{"rendered":"https:\/\/crea-mt.org.br\/portal\/workshop-internacional-projetos-europeus-nanotecnologia\/"},"modified":"2007-02-23T00:00:00","modified_gmt":"2007-02-23T02:00:00","slug":"workshop-internacional-projetos-europeus-nanotecnologia","status":"publish","type":"post","link":"https:\/\/www.crea-mt.org.br\/portal\/workshop-internacional-projetos-europeus-nanotecnologia\/","title":{"rendered":"Workshop Internacional Projetos Europeus &#8211; Nanotecnologia"},"content":{"rendered":"<p>O N\u00facleo de Desenvolvimento de Rela\u00e7\u00f5es Institucionais e de Inova\u00e7\u00e3o (NudiI) da Escola Polit\u00e9cnica da Universidade de S\u00e3o Paulo (USP) promover\u00e1, nos dias 26 e 27 de fevereiro, na capital paulista, o Workshop Internacional Projetos Europeus &#8211; Nanotecnologia.<\/p>\n<p>Al\u00e9m de divulgar oportunidades de projetos de pesquisa que podem ser desenvolvidos em parceria com institui\u00e7\u00f5es da Europa, o objetivo do evento \u00e9 mostrar os caminhos para obter financiamento para estudos sobre nanotecnologia junto \u00e0 Comunidade Europ\u00e9ia.<\/p>\n<p>O Seventh Framework Programme (FP7), um programa europeu de financiamento que disp\u00f5e de um or\u00e7amento de 50 bilh\u00f5es de euros para o per\u00edodo de 2007 a 2013, ser\u00e1 um dos assuntos em pauta. As apresenta\u00e7\u00f5es e debates ser\u00e3o transmitidos ao vivo pela internet.<\/p>\n<p>Mais informa\u00e7\u00f5es: nudi@poli.usp.br ou telefone (11) 3091-5626.<\/p>\n<p>Fonte: Ag\u00eancia FAPESP.<\/p>\n","protected":false},"excerpt":{"rendered":"<p>O N\u00facleo de Desenvolvimento de Rela\u00e7\u00f5es Institucionais e de Inova\u00e7\u00e3o (NudiI) da Escola Polit\u00e9cnica da Universidade de S\u00e3o Paulo (USP) promover\u00e1, nos dias 26 e 27 de fevereiro, na capital paulista, o Workshop Internacional Projetos Europeus &#8211; Nanotecnologia. Al\u00e9m de divulgar oportunidades de projetos de pesquisa que podem ser desenvolvidos em parceria com institui\u00e7\u00f5es da [&hellip;]<\/p>\n","protected":false},"author":1,"featured_media":0,"comment_status":"open","ping_status":"open","sticky":false,"template":"","format":"standard","meta":{"footnotes":""},"categories":[1],"tags":[],"class_list":["post-7168","post","type-post","status-publish","format-standard","hentry","category-noticias"],"acf":[],"_links":{"self":[{"href":"https:\/\/www.crea-mt.org.br\/portal\/wp-json\/wp\/v2\/posts\/7168","targetHints":{"allow":["GET"]}}],"collection":[{"href":"https:\/\/www.crea-mt.org.br\/portal\/wp-json\/wp\/v2\/posts"}],"about":[{"href":"https:\/\/www.crea-mt.org.br\/portal\/wp-json\/wp\/v2\/types\/post"}],"author":[{"embeddable":true,"href":"https:\/\/www.crea-mt.org.br\/portal\/wp-json\/wp\/v2\/users\/1"}],"replies":[{"embeddable":true,"href":"https:\/\/www.crea-mt.org.br\/portal\/wp-json\/wp\/v2\/comments?post=7168"}],"version-history":[{"count":0,"href":"https:\/\/www.crea-mt.org.br\/portal\/wp-json\/wp\/v2\/posts\/7168\/revisions"}],"wp:attachment":[{"href":"https:\/\/www.crea-mt.org.br\/portal\/wp-json\/wp\/v2\/media?parent=7168"}],"wp:term":[{"taxonomy":"category","embeddable":true,"href":"https:\/\/www.crea-mt.org.br\/portal\/wp-json\/wp\/v2\/categories?post=7168"},{"taxonomy":"post_tag","embeddable":true,"href":"https:\/\/www.crea-mt.org.br\/portal\/wp-json\/wp\/v2\/tags?post=7168"}],"curies":[{"name":"wp","href":"https:\/\/api.w.org\/{rel}","templated":true}]}}