{"id":7166,"date":"2007-02-23T00:00:00","date_gmt":"2007-02-23T02:00:00","guid":{"rendered":"https:\/\/crea-mt.org.br\/portal\/cientistas-adicionam-tubaroes-a-lista-de-especies-ameacadas\/"},"modified":"2007-02-23T00:00:00","modified_gmt":"2007-02-23T02:00:00","slug":"cientistas-adicionam-tubaroes-a-lista-de-especies-ameacadas","status":"publish","type":"post","link":"https:\/\/www.crea-mt.org.br\/portal\/cientistas-adicionam-tubaroes-a-lista-de-especies-ameacadas\/","title":{"rendered":"Cientistas adicionam tubar\u00f5es \u00e0 lista de esp\u00e9cies amea\u00e7adas"},"content":{"rendered":"<p>Cientistas acrescentaram, nesta quinta-feira, 22, v\u00e1rias esp\u00e9cies de tubar\u00f5es oce\u00e2nicos \u00e0 lista elaborada pela Uni\u00e3o Mundial para a Conserva\u00e7\u00e3o (IUCN) contendo esp\u00e9cies amea\u00e7adas de extin\u00e7\u00e3o.<\/p>\n<p>Depois de uma reuni\u00e3o realizada em Oxford (Reino Unido), os cientistas descreveram a situa\u00e7\u00e3o das tr\u00eas esp\u00e9cies de ca\u00e7\u00e3o-raposa &#8211; conhecidas por sua longa cauda em forma de foice &#8211; como &#8220;vulner\u00e1veis globalmente&#8221; e mudaram a situa\u00e7\u00e3o do tubar\u00e3o mako de &#8220;vulner\u00e1veis hoje&#8221; para &#8220;quase amea\u00e7ados.&#8221;<\/p>\n<p>&#8220;As caracter\u00edsticas dos tubar\u00f5es de alto mar &#8211; r\u00e1pidos, fortes e com grandes \u00e1reas de atua\u00e7\u00e3o &#8211; levam freq\u00fcentemente \u00e0 no\u00e7\u00e3o errada de que esses animais s\u00e3o resistentes \u00e0s press\u00f5es da pesca&#8221;, afirmou Sarah Fowler, do Grupo Especializado em Tubar\u00f5es do IUCN.<\/p>\n<p>&#8220;Nesta semana, especialistas em tubar\u00e3o vindos do mundo todo chamaram aten\u00e7\u00e3o para a vulnerabilidade dessas esp\u00e9cies \u00e0 pesca predat\u00f3ria e conclu\u00edram que v\u00e1rias esp\u00e9cies est\u00e3o hoje amea\u00e7adas de extinguirem-se em escala global&#8221;, acrescentou.<\/p>\n<p>O encontro decidiu que a situa\u00e7\u00e3o do tubar\u00e3o-azul, o mais abundante do mundo e bastante visado pelos pescadores, deveria continuar sendo descrita como &#8220;quase amea\u00e7ada&#8221;, apesar da queda no tamanho da popula\u00e7\u00e3o, entre 50% e 70% no norte do Atl\u00e2ntico, e apesar das poucas medidas de conserva\u00e7\u00e3o.<\/p>\n<p>Os tubar\u00f5es de alto mar est\u00e3o sendo ca\u00e7ados com uma freq\u00fc\u00eancia cada vez maior devido \u00e0 amplia\u00e7\u00e3o do mercado para a carne deles e ao aumento da demanda por suas valiosas barbatanas.<\/p>\n<p>Fonte: Reuters\/Estad\u00e3o Online.<\/p>\n","protected":false},"excerpt":{"rendered":"<p>Cientistas acrescentaram, nesta quinta-feira, 22, v\u00e1rias esp\u00e9cies de tubar\u00f5es oce\u00e2nicos \u00e0 lista elaborada pela Uni\u00e3o Mundial para a Conserva\u00e7\u00e3o (IUCN) contendo esp\u00e9cies amea\u00e7adas de extin\u00e7\u00e3o. Depois de uma reuni\u00e3o realizada em Oxford (Reino Unido), os cientistas descreveram a situa\u00e7\u00e3o das tr\u00eas esp\u00e9cies de ca\u00e7\u00e3o-raposa &#8211; conhecidas por sua longa cauda em forma de foice &#8211; [&hellip;]<\/p>\n","protected":false},"author":1,"featured_media":0,"comment_status":"open","ping_status":"open","sticky":false,"template":"","format":"standard","meta":{"footnotes":""},"categories":[1],"tags":[],"class_list":["post-7166","post","type-post","status-publish","format-standard","hentry","category-noticias"],"acf":[],"_links":{"self":[{"href":"https:\/\/www.crea-mt.org.br\/portal\/wp-json\/wp\/v2\/posts\/7166","targetHints":{"allow":["GET"]}}],"collection":[{"href":"https:\/\/www.crea-mt.org.br\/portal\/wp-json\/wp\/v2\/posts"}],"about":[{"href":"https:\/\/www.crea-mt.org.br\/portal\/wp-json\/wp\/v2\/types\/post"}],"author":[{"embeddable":true,"href":"https:\/\/www.crea-mt.org.br\/portal\/wp-json\/wp\/v2\/users\/1"}],"replies":[{"embeddable":true,"href":"https:\/\/www.crea-mt.org.br\/portal\/wp-json\/wp\/v2\/comments?post=7166"}],"version-history":[{"count":0,"href":"https:\/\/www.crea-mt.org.br\/portal\/wp-json\/wp\/v2\/posts\/7166\/revisions"}],"wp:attachment":[{"href":"https:\/\/www.crea-mt.org.br\/portal\/wp-json\/wp\/v2\/media?parent=7166"}],"wp:term":[{"taxonomy":"category","embeddable":true,"href":"https:\/\/www.crea-mt.org.br\/portal\/wp-json\/wp\/v2\/categories?post=7166"},{"taxonomy":"post_tag","embeddable":true,"href":"https:\/\/www.crea-mt.org.br\/portal\/wp-json\/wp\/v2\/tags?post=7166"}],"curies":[{"name":"wp","href":"https:\/\/api.w.org\/{rel}","templated":true}]}}