{"id":7163,"date":"2007-02-23T00:00:00","date_gmt":"2007-02-23T02:00:00","guid":{"rendered":"https:\/\/crea-mt.org.br\/portal\/lula-propoe-fundo-de-r-11-bilhoes-para-investir-em-obras-regionais\/"},"modified":"2007-02-23T00:00:00","modified_gmt":"2007-02-23T02:00:00","slug":"lula-propoe-fundo-de-r-11-bilhoes-para-investir-em-obras-regionais","status":"publish","type":"post","link":"https:\/\/www.crea-mt.org.br\/portal\/lula-propoe-fundo-de-r-11-bilhoes-para-investir-em-obras-regionais\/","title":{"rendered":"Lula prop\u00f5e fundo de R$ 11 bilh\u00f5es para investir em obras regionais"},"content":{"rendered":"<p>O presidente Luiz In\u00e1cio Lula da Silva anunciou, ontem, a id\u00e9ia de propor ao Congresso, dentro da reforma tribut\u00e1ria, a cria\u00e7\u00e3o de um fundo de R$ 11 bilh\u00f5es para a realiza\u00e7\u00e3o de obras regionais. O Fundo Nacional de Desenvolvimento Regional (FNDR) seria formado com recursos do Or\u00e7amento e de 2% do que o governo arrecada com dois tributos federais: o Imposto de Renda (IR) e do Imposto sobre Produtos Industrializados (IPI), explicou o ministro da Integra\u00e7\u00e3o Nacional, Pedro Brito.<\/p>\n<p>Fonte: Valor On-line.<\/p>\n","protected":false},"excerpt":{"rendered":"<p>O presidente Luiz In\u00e1cio Lula da Silva anunciou, ontem, a id\u00e9ia de propor ao Congresso, dentro da reforma tribut\u00e1ria, a cria\u00e7\u00e3o de um fundo de R$ 11 bilh\u00f5es para a realiza\u00e7\u00e3o de obras regionais. O Fundo Nacional de Desenvolvimento Regional (FNDR) seria formado com recursos do Or\u00e7amento e de 2% do que o governo arrecada [&hellip;]<\/p>\n","protected":false},"author":1,"featured_media":0,"comment_status":"open","ping_status":"open","sticky":false,"template":"","format":"standard","meta":{"footnotes":""},"categories":[1],"tags":[],"class_list":["post-7163","post","type-post","status-publish","format-standard","hentry","category-noticias"],"acf":[],"_links":{"self":[{"href":"https:\/\/www.crea-mt.org.br\/portal\/wp-json\/wp\/v2\/posts\/7163","targetHints":{"allow":["GET"]}}],"collection":[{"href":"https:\/\/www.crea-mt.org.br\/portal\/wp-json\/wp\/v2\/posts"}],"about":[{"href":"https:\/\/www.crea-mt.org.br\/portal\/wp-json\/wp\/v2\/types\/post"}],"author":[{"embeddable":true,"href":"https:\/\/www.crea-mt.org.br\/portal\/wp-json\/wp\/v2\/users\/1"}],"replies":[{"embeddable":true,"href":"https:\/\/www.crea-mt.org.br\/portal\/wp-json\/wp\/v2\/comments?post=7163"}],"version-history":[{"count":0,"href":"https:\/\/www.crea-mt.org.br\/portal\/wp-json\/wp\/v2\/posts\/7163\/revisions"}],"wp:attachment":[{"href":"https:\/\/www.crea-mt.org.br\/portal\/wp-json\/wp\/v2\/media?parent=7163"}],"wp:term":[{"taxonomy":"category","embeddable":true,"href":"https:\/\/www.crea-mt.org.br\/portal\/wp-json\/wp\/v2\/categories?post=7163"},{"taxonomy":"post_tag","embeddable":true,"href":"https:\/\/www.crea-mt.org.br\/portal\/wp-json\/wp\/v2\/tags?post=7163"}],"curies":[{"name":"wp","href":"https:\/\/api.w.org\/{rel}","templated":true}]}}