{"id":7160,"date":"2007-02-23T00:00:00","date_gmt":"2007-02-23T02:00:00","guid":{"rendered":"https:\/\/crea-mt.org.br\/portal\/pesquisa-beneficia-moradia-popular-a-partir-do-conceito-faca-voce-mesmo\/"},"modified":"2007-02-23T00:00:00","modified_gmt":"2007-02-23T02:00:00","slug":"pesquisa-beneficia-moradia-popular-a-partir-do-conceito-faca-voce-mesmo","status":"publish","type":"post","link":"https:\/\/www.crea-mt.org.br\/portal\/pesquisa-beneficia-moradia-popular-a-partir-do-conceito-faca-voce-mesmo\/","title":{"rendered":"Pesquisa beneficia moradia popular a partir do conceito &#8220;Fa\u00e7a voc\u00ea mesmo&#8221;"},"content":{"rendered":"<p>Uma pesquisa apoiada pela Financiadora de Estudos e Projetos (Finep) para o desenvolvimento de Kits &#8220;Fa\u00e7a voc\u00ea mesmo&#8221; direcionados \u00e0 habita\u00e7\u00e3o de interesse social est\u00e1 avan\u00e7ando da cobertura para divis\u00f3rias. A nova meta \u00e9 desenhar m\u00f3veis-divis\u00f3ria que criem diferentes ambientes na habita\u00e7\u00e3o popular, utilizando o conceito de modula\u00e7\u00e3o. Os estudos t\u00eam apoio do Programa de Tecnologia de Habita\u00e7\u00e3o (Habitare), que desde 1994 financia pesquisas no campo da moradia de interesse social.<\/p>\n<p>O Kit de cobertura <\/p>\n<p>Em um primeiro projeto financiado pelo Programa Habitare, o N\u00facleo de Design &amp; Sustentabilidade da Universidade Federal do Paran\u00e1 (UFPR) projetou um Kit de cobertura para a habita\u00e7\u00e3o de interesse social. O m\u00f3dulo tem pe\u00e7as de MDF, (material leve, resistente e recicl\u00e1vel) e chapas de a\u00e7o galvanizado. Substitui pregos por encaixes. A equipe estima um custo at\u00e9 60% menor do que o de coberturas em madeira. <\/p>\n<p>Foram usados como requisitos para desenvolvimento do kit a necessidade de ser leve, compact\u00e1vel, de montagem f\u00e1cil, r\u00e1pida e intuitiva, podendo ser realizada, preferencialmente, por duas pessoas n\u00e3o especializadas. O modelo est\u00e1 em fase de valida\u00e7\u00e3o e gera\u00e7\u00e3o de material de instru\u00e7\u00f5es e de divulga\u00e7\u00e3o. Um prot\u00f3tipo f\u00edsico foi constru\u00eddo em parceria com a Associa\u00e7\u00e3o de Moradores \u00c1guas Claras, no munic\u00edpio de Piraquara (PR). A constru\u00e7\u00e3o ser\u00e1 utilizada pela associa\u00e7\u00e3o para abrigar loja de artigos produzidos pelos artes\u00f5es da comunidade. <\/p>\n<p>Melhoria de qualidade na autoconstru\u00e7\u00e3o<\/p>\n<p>No novo projeto para desenvolvimento de m\u00f3veis-divis\u00f3ria a proposta continua sendo adequar o conceito DIY, ou do-it-yourself, para a habita\u00e7\u00e3o de interesse social. O coordenador do projeto, professor Aguinaldo dos Santos, do N\u00facleo de Design &amp; Sustentabilidade, da Universidade Federal do Paran\u00e1 (UFPR), lembra que na moradia popular \u00e9 freq\u00fcente que par\u00e2metros de desempenho, como boa ilumina\u00e7\u00e3o, ventila\u00e7\u00e3o e ac\u00fastica, n\u00e3o sejam atendidos. A situa\u00e7\u00e3o \u00e9 agravada pela realidade do pa\u00eds, onde a grande maioria das habita\u00e7\u00f5es populares acaba sendo constru\u00edda por processo de autoconstru\u00e7\u00e3o. Isso porque ao mesmo tempo que barateiam a produ\u00e7\u00e3o de moradias, os mutir\u00f5es esbarram na falta de m\u00e3o-de-obra especializada, em problemas t\u00e9cnicos e construtivos que muitas vezes geram condi\u00e7\u00f5es prec\u00e1rias de habitabilidade na moradia popular. A equipe envolvida no projeto espera que os produtos DIY ofere\u00e7am, por exemplo, a oportunidade de antecipar poss\u00edveis erros de montagem. <\/p>\n<p> &#8220;A jun\u00e7\u00e3o do conceito de modula\u00e7\u00e3o associado ao conceito do-it-yourself \u00e9 a proposta do projeto, que pretende contribuir com a melhoria do processo de autoconstru\u00e7\u00e3o, incorporando solu\u00e7\u00f5es que resultem em qualidade de vida para o morador de baixa renda&#8221;, explica o professor. Existe tamb\u00e9m a expectativa de que a apresenta\u00e7\u00e3o de produtos em kits facilite a articula\u00e7\u00e3o entre governo e ind\u00fastria para a obten\u00e7\u00e3o de benef\u00edcios fiscais para a habita\u00e7\u00e3o de interesse social. <\/p>\n<p>O N\u00facleo de Design &amp; Sustentabilidade trabalha com o desafio de demonstrar para a ind\u00fastria como deveriam ser desenvolvidos produtos em m\u00f3dulos para a constru\u00e7\u00e3o habitacional. Al\u00e9m disso, busca incorporar a preocupa\u00e7\u00e3o com a sustentabilidade no desenvolvimento dos m\u00f3dulos, especialmente em rela\u00e7\u00e3o ao ciclo de vida dos materiais e redu\u00e7\u00e3o de recursos envolvidos na produ\u00e7\u00e3o dos componentes. <\/p>\n<p>Uni\u00e3o de esfor\u00e7os<\/p>\n<p>Outro desafio \u00e9 fazer a conex\u00e3o destes produtos e sistemas com outros, j\u00e1 que o trabalho \u00e9 apoiado com recursos do Programa Habitare em Edital que preconiza o trabalho de pesquisa em rede, com base na coordena\u00e7\u00e3o modular. De acordo com o professor Aguinaldo Santos, h\u00e1 muitos anos o pa\u00eds conta com normas sobre modula\u00e7\u00e3o, mas em muitos casos as regras n\u00e3o s\u00e3o respeitadas ou mesmo conhecidas por profissionais da ind\u00fastria e academia. Por isso, h\u00e1 um grande n\u00famero de produtos que &#8220;n\u00e3o conversam entre si&#8221;, tanto espacialmente como funcionalmente. <\/p>\n<p>O projeto tem a Companhia de Habita\u00e7\u00e3o do Paran\u00e1 (Cohapar) e a Companhia de Habita\u00e7\u00e3o de Curitiba (Cohab) como parceiras e tamb\u00e9m conta com apoio financeiro do CNPq. No setor produtivo vem trabalhando com as empresas Embrart (especializada no setor de cartonagem), Placa Centro (especializada no processo de provimento de servi\u00e7os de processamento de artefatos de madeira) e Masisa (empresa especializada no processamento da madeira para obten\u00e7\u00e3o de produtos como OSB e MDF) .<\/p>\n<p>Mais informa\u00e7\u00f5es com o professor Aguinaldo dos Santos, fone (41) 3360 5313, e-mail: asantos@ufpr.br <\/p>\n<p>Fonte: Assessoria de Imprensa do Programa Habitare<\/p>\n","protected":false},"excerpt":{"rendered":"<p>Uma pesquisa apoiada pela Financiadora de Estudos e Projetos (Finep) para o desenvolvimento de Kits &#8220;Fa\u00e7a voc\u00ea mesmo&#8221; direcionados \u00e0 habita\u00e7\u00e3o de interesse social est\u00e1 avan\u00e7ando da cobertura para divis\u00f3rias. A nova meta \u00e9 desenhar m\u00f3veis-divis\u00f3ria que criem diferentes ambientes na habita\u00e7\u00e3o popular, utilizando o conceito de modula\u00e7\u00e3o. Os estudos t\u00eam apoio do Programa de [&hellip;]<\/p>\n","protected":false},"author":1,"featured_media":0,"comment_status":"open","ping_status":"open","sticky":false,"template":"","format":"standard","meta":{"footnotes":""},"categories":[1],"tags":[],"class_list":["post-7160","post","type-post","status-publish","format-standard","hentry","category-noticias"],"acf":[],"_links":{"self":[{"href":"https:\/\/www.crea-mt.org.br\/portal\/wp-json\/wp\/v2\/posts\/7160","targetHints":{"allow":["GET"]}}],"collection":[{"href":"https:\/\/www.crea-mt.org.br\/portal\/wp-json\/wp\/v2\/posts"}],"about":[{"href":"https:\/\/www.crea-mt.org.br\/portal\/wp-json\/wp\/v2\/types\/post"}],"author":[{"embeddable":true,"href":"https:\/\/www.crea-mt.org.br\/portal\/wp-json\/wp\/v2\/users\/1"}],"replies":[{"embeddable":true,"href":"https:\/\/www.crea-mt.org.br\/portal\/wp-json\/wp\/v2\/comments?post=7160"}],"version-history":[{"count":0,"href":"https:\/\/www.crea-mt.org.br\/portal\/wp-json\/wp\/v2\/posts\/7160\/revisions"}],"wp:attachment":[{"href":"https:\/\/www.crea-mt.org.br\/portal\/wp-json\/wp\/v2\/media?parent=7160"}],"wp:term":[{"taxonomy":"category","embeddable":true,"href":"https:\/\/www.crea-mt.org.br\/portal\/wp-json\/wp\/v2\/categories?post=7160"},{"taxonomy":"post_tag","embeddable":true,"href":"https:\/\/www.crea-mt.org.br\/portal\/wp-json\/wp\/v2\/tags?post=7160"}],"curies":[{"name":"wp","href":"https:\/\/api.w.org\/{rel}","templated":true}]}}