{"id":7158,"date":"2007-02-26T00:00:00","date_gmt":"2007-02-26T03:00:00","guid":{"rendered":"https:\/\/crea-mt.org.br\/portal\/materias-primas-jogadas-fora-podem-reduzir-desmatamento\/"},"modified":"2007-02-26T00:00:00","modified_gmt":"2007-02-26T03:00:00","slug":"materias-primas-jogadas-fora-podem-reduzir-desmatamento","status":"publish","type":"post","link":"https:\/\/www.crea-mt.org.br\/portal\/materias-primas-jogadas-fora-podem-reduzir-desmatamento\/","title":{"rendered":"Mat\u00e9rias primas jogadas fora podem reduzir desmatamento"},"content":{"rendered":"<p>Fonte: Jornal do Commercio<\/p>\n<p>O aproveitamento de mat\u00e9rias primas que s\u00e3o habitualmente jogadas fora pelos agricultores ou agroind\u00fastrias pode contribuir tamb\u00e9m para a redu\u00e7\u00e3o dos \u00edndices de desmatamento.  A afirma\u00e7\u00e3o foi feita pelo gerente da Incubadora de Empresas de Design da UERJ (Universidade Estadual do Rio de Janeiro), Wagner Bretas, ao comentar projeto em que alunos da Esdi (Escola Superior de Desenho Industrial) usam mat\u00e9ria prima agr\u00edcola, como fibra de bananeira e pupunha, para fabricar produtos alternativos aos feitos com madeira de lei.<\/p>\n<p>Os dois produtos foram chamados de bananaplac e compensado de pupunha.  &#8220;Al\u00e9m de substituir outras mat\u00e9rias primas, evitando que se cortem madeiras nobres, retira-se algo que seria lixo org\u00e2nico, que seria um problema nas pr\u00f3prias planta\u00e7\u00f5es&#8221;.  Ajuda-se o meio ambiente de duas maneiras: aproveitando o que n\u00e3o era aproveitado e inibindo o corte de madeiras nobres, explicou Bretas.<\/p>\n<p>Compensado de pupunha<\/p>\n<p>Al\u00e9m de m\u00f3veis, fabricados para demonstrar a qualidade dos produtos, os estudantes desenvolveram uma linha de cadernos, que j\u00e1 est\u00e3o \u00e0 venda no Jardim Bot\u00e2nico do Rio e em papelarias.  Os cadernos mostram as esp\u00e9cies de madeiras em extin\u00e7\u00e3o no Brasil.  &#8220;Esse trabalho \u00e9 para sustentar a pesquisa que eles est\u00e3o desenvolvendo com materiais&#8221;, destacou o gerente da incubadora.<\/p>\n<p>Segundo ele, a montadora de autom\u00f3veis alem\u00e3 BMW tamb\u00e9m solicitou \u00e0 Esdi o compensado de pupunha para revestir pain\u00e9is de ve\u00edculos.  Os estudantes desenvolveram, ent\u00e3o, uma amostra especial do compensado, mais fina, que est\u00e1 sendo enviada \u00e0 Alemanha.<\/p>\n<p>A bananaplac e o compensado de pupunha j\u00e1 est\u00e3o patenteados no Brasil.  Agora os respons\u00e1veis pelo projeto cuidam do patenteamento internacional, tanto do processo produtivo quanto do material.<\/p>\n<p>A Incubadora de Empresas de Design da UERJ j\u00e1 tem duas empresas pr\u00e9-incubadas e deve entrar em funcionamento pleno nos pr\u00f3ximos 90 dias.  O Sebrae (Servi\u00e7o de Apoio \u00e0s Micro e Pequenas Empresas) ap\u00f3ia a implenta\u00e7\u00e3o da incubadora.  H\u00e1 tamb\u00e9m um pedido de financiamento que est\u00e1 em an\u00e1lise na \u00e1rea t\u00e9cnica do BNDES (Banco Nacional de Desenvolvimento Econ\u00f4mico e Social).<\/p>\n<p>A base para o projeto foi um trabalho com bambu, feito h\u00e1 cerca de dez anos por um ex-aluno da universidade, para testar novos materiais.  A experi\u00eancia serviu para que alunos da Esdi montassem a Fibra Design Sustent\u00e1vel, microempresa que atualmente est\u00e1 em processo de pr\u00e9-incuba\u00e7\u00e3o na Incubadora de Empresas de Design da Universidade.  J\u00e1 h\u00e1 estudo para se confecionar pe\u00e7as curvas de madeira.<\/p>\n","protected":false},"excerpt":{"rendered":"<p>Fonte: Jornal do Commercio O aproveitamento de mat\u00e9rias primas que s\u00e3o habitualmente jogadas fora pelos agricultores ou agroind\u00fastrias pode contribuir tamb\u00e9m para a redu\u00e7\u00e3o dos \u00edndices de desmatamento. A afirma\u00e7\u00e3o foi feita pelo gerente da Incubadora de Empresas de Design da UERJ (Universidade Estadual do Rio de Janeiro), Wagner Bretas, ao comentar projeto em que [&hellip;]<\/p>\n","protected":false},"author":1,"featured_media":0,"comment_status":"open","ping_status":"open","sticky":false,"template":"","format":"standard","meta":{"footnotes":""},"categories":[1],"tags":[],"class_list":["post-7158","post","type-post","status-publish","format-standard","hentry","category-noticias"],"acf":[],"_links":{"self":[{"href":"https:\/\/www.crea-mt.org.br\/portal\/wp-json\/wp\/v2\/posts\/7158","targetHints":{"allow":["GET"]}}],"collection":[{"href":"https:\/\/www.crea-mt.org.br\/portal\/wp-json\/wp\/v2\/posts"}],"about":[{"href":"https:\/\/www.crea-mt.org.br\/portal\/wp-json\/wp\/v2\/types\/post"}],"author":[{"embeddable":true,"href":"https:\/\/www.crea-mt.org.br\/portal\/wp-json\/wp\/v2\/users\/1"}],"replies":[{"embeddable":true,"href":"https:\/\/www.crea-mt.org.br\/portal\/wp-json\/wp\/v2\/comments?post=7158"}],"version-history":[{"count":0,"href":"https:\/\/www.crea-mt.org.br\/portal\/wp-json\/wp\/v2\/posts\/7158\/revisions"}],"wp:attachment":[{"href":"https:\/\/www.crea-mt.org.br\/portal\/wp-json\/wp\/v2\/media?parent=7158"}],"wp:term":[{"taxonomy":"category","embeddable":true,"href":"https:\/\/www.crea-mt.org.br\/portal\/wp-json\/wp\/v2\/categories?post=7158"},{"taxonomy":"post_tag","embeddable":true,"href":"https:\/\/www.crea-mt.org.br\/portal\/wp-json\/wp\/v2\/tags?post=7158"}],"curies":[{"name":"wp","href":"https:\/\/api.w.org\/{rel}","templated":true}]}}