{"id":7155,"date":"2007-02-26T00:00:00","date_gmt":"2007-02-26T03:00:00","guid":{"rendered":"https:\/\/crea-mt.org.br\/portal\/bolsa-familia-quilombolas-sao-incluidos-no-programa\/"},"modified":"2007-02-26T00:00:00","modified_gmt":"2007-02-26T03:00:00","slug":"bolsa-familia-quilombolas-sao-incluidos-no-programa","status":"publish","type":"post","link":"https:\/\/www.crea-mt.org.br\/portal\/bolsa-familia-quilombolas-sao-incluidos-no-programa\/","title":{"rendered":"Bolsa fam\u00edlia &#8211; Quilombolas s\u00e3o inclu\u00eddos no programa"},"content":{"rendered":"<p>Fonte: O Estado de S.Paulo<\/p>\n<p>Quatro mil fam\u00edlias de comunidades negras remanescentes de quilombos foram inclu\u00eddas este m\u00eas no programa Bolsa-Fam\u00edlia.  Os novos benefici\u00e1rios s\u00e3o de oito Estados.  Num cadastro conclu\u00eddo pelo governo no m\u00eas passado, descobriu-se que 16% das fam\u00edlias quilombolas n\u00e3o tinham nenhum documento de identidade.  At\u00e9 o fim do ano, pode chegar a 60 mil o n\u00famero de fam\u00edlias quilombolas atendidas pelo programa federal.<\/p>\n","protected":false},"excerpt":{"rendered":"<p>Fonte: O Estado de S.Paulo Quatro mil fam\u00edlias de comunidades negras remanescentes de quilombos foram inclu\u00eddas este m\u00eas no programa Bolsa-Fam\u00edlia. Os novos benefici\u00e1rios s\u00e3o de oito Estados. Num cadastro conclu\u00eddo pelo governo no m\u00eas passado, descobriu-se que 16% das fam\u00edlias quilombolas n\u00e3o tinham nenhum documento de identidade. At\u00e9 o fim do ano, pode chegar [&hellip;]<\/p>\n","protected":false},"author":1,"featured_media":0,"comment_status":"open","ping_status":"open","sticky":false,"template":"","format":"standard","meta":{"footnotes":""},"categories":[1],"tags":[],"class_list":["post-7155","post","type-post","status-publish","format-standard","hentry","category-noticias"],"acf":[],"_links":{"self":[{"href":"https:\/\/www.crea-mt.org.br\/portal\/wp-json\/wp\/v2\/posts\/7155","targetHints":{"allow":["GET"]}}],"collection":[{"href":"https:\/\/www.crea-mt.org.br\/portal\/wp-json\/wp\/v2\/posts"}],"about":[{"href":"https:\/\/www.crea-mt.org.br\/portal\/wp-json\/wp\/v2\/types\/post"}],"author":[{"embeddable":true,"href":"https:\/\/www.crea-mt.org.br\/portal\/wp-json\/wp\/v2\/users\/1"}],"replies":[{"embeddable":true,"href":"https:\/\/www.crea-mt.org.br\/portal\/wp-json\/wp\/v2\/comments?post=7155"}],"version-history":[{"count":0,"href":"https:\/\/www.crea-mt.org.br\/portal\/wp-json\/wp\/v2\/posts\/7155\/revisions"}],"wp:attachment":[{"href":"https:\/\/www.crea-mt.org.br\/portal\/wp-json\/wp\/v2\/media?parent=7155"}],"wp:term":[{"taxonomy":"category","embeddable":true,"href":"https:\/\/www.crea-mt.org.br\/portal\/wp-json\/wp\/v2\/categories?post=7155"},{"taxonomy":"post_tag","embeddable":true,"href":"https:\/\/www.crea-mt.org.br\/portal\/wp-json\/wp\/v2\/tags?post=7155"}],"curies":[{"name":"wp","href":"https:\/\/api.w.org\/{rel}","templated":true}]}}