{"id":7152,"date":"2007-02-28T00:00:00","date_gmt":"2007-02-28T03:00:00","guid":{"rendered":"https:\/\/crea-mt.org.br\/portal\/sao-paulo-vai-barrar-entrada-de-madeira-ilegal-da-amazonia\/"},"modified":"2007-02-28T00:00:00","modified_gmt":"2007-02-28T03:00:00","slug":"sao-paulo-vai-barrar-entrada-de-madeira-ilegal-da-amazonia","status":"publish","type":"post","link":"https:\/\/www.crea-mt.org.br\/portal\/sao-paulo-vai-barrar-entrada-de-madeira-ilegal-da-amazonia\/","title":{"rendered":"S\u00e3o Paulo vai barrar entrada de madeira ilegal da Amaz\u00f4nia"},"content":{"rendered":"<p>O governo de S\u00e3o Paulo estuda a elabora\u00e7\u00e3o de um projeto que prev\u00ea a proibi\u00e7\u00e3o da entrada de madeira ilegal da Amaz\u00f4nia em territ\u00f3rio paulista.  A medida \u00e9 uma das propostas contidas no plano de a\u00e7\u00e3o ambiental coordenado pelo secret\u00e1rio do Meio Ambiente, Xico Graziano, que deve ser apresentado ao governador Jos\u00e9 Serra na segunda semana do m\u00eas de mar\u00e7o.<\/p>\n<p>A pretens\u00e3o \u00e9 conscientizar setores como a constru\u00e7\u00e3o civil sobre a import\u00e2ncia da comercializa\u00e7\u00e3o de madeiras extra\u00eddas de \u00e1reas de reflorestamento.<\/p>\n<p>&#8220;O consumo de madeira da Floresta Amaz\u00f4nica em S\u00e3o Paulo \u00e9 exagerado.  Por esse motivo, todo um trabalho ter\u00e1 que ser feito&#8221;, explicou Xico Graziano, durante lan\u00e7amento o DVD do filme &#8220;Uma Verdade Inconveniente&#8221;, na noite desta segunda-feira (26), no Pal\u00e1cio dos Bandeirantes.<\/p>\n<p>&#8220;Podemos utilizar florestas plantadas ao inv\u00e9s de perobas e jequitib\u00e1s&#8221;, comparou o secret\u00e1rio.  Ele informou que al\u00e9m da conscientiza\u00e7\u00e3o, uma outra frente deve atuar nas fronteiras do Estado com objetivo de impedir a entrada de caminh\u00f5es transportando madeira sem comprova\u00e7\u00e3o de origem.<\/p>\n<p>Segundo Graziano, outro tema do plano de a\u00e7\u00e3o ser\u00e1 o mapeamento das cem maiores ind\u00fastrias emissoras de carbono no Estado de S\u00e3o Paulo.  Graziano determinou que a Companhia de Tecnologia de Saneamento Ambiental (Cetesb) levante a lista e proceda \u00e0s adequa\u00e7\u00f5es necess\u00e1rias no momento da renova\u00e7\u00e3o das licen\u00e7as ambientais.<\/p>\n<p>O secret\u00e1rio informou que a experi\u00eancia piloto come\u00e7ar\u00e1 pela pr\u00f3pria Cetesb em conjunto com a Funda\u00e7\u00e3o Florestal.  A id\u00e9ia \u00e9 calcular a quantidade de carbono necess\u00e1ria para neutralizar as emiss\u00f5es da empresa, o que ocorrer\u00e1 por meio de plantio de mata ciliar.  A inten\u00e7\u00e3o \u00e9 que a iniciativa se torne modelo para todas as empresas p\u00fablicas e \u00f3rg\u00e3os da administra\u00e7\u00e3o direta do governo do Estado. <\/p>\n<p>Fonte: Envolverde<\/p>\n","protected":false},"excerpt":{"rendered":"<p>O governo de S\u00e3o Paulo estuda a elabora\u00e7\u00e3o de um projeto que prev\u00ea a proibi\u00e7\u00e3o da entrada de madeira ilegal da Amaz\u00f4nia em territ\u00f3rio paulista. A medida \u00e9 uma das propostas contidas no plano de a\u00e7\u00e3o ambiental coordenado pelo secret\u00e1rio do Meio Ambiente, Xico Graziano, que deve ser apresentado ao governador Jos\u00e9 Serra na segunda [&hellip;]<\/p>\n","protected":false},"author":1,"featured_media":0,"comment_status":"open","ping_status":"open","sticky":false,"template":"","format":"standard","meta":{"footnotes":""},"categories":[1],"tags":[],"class_list":["post-7152","post","type-post","status-publish","format-standard","hentry","category-noticias"],"acf":[],"_links":{"self":[{"href":"https:\/\/www.crea-mt.org.br\/portal\/wp-json\/wp\/v2\/posts\/7152","targetHints":{"allow":["GET"]}}],"collection":[{"href":"https:\/\/www.crea-mt.org.br\/portal\/wp-json\/wp\/v2\/posts"}],"about":[{"href":"https:\/\/www.crea-mt.org.br\/portal\/wp-json\/wp\/v2\/types\/post"}],"author":[{"embeddable":true,"href":"https:\/\/www.crea-mt.org.br\/portal\/wp-json\/wp\/v2\/users\/1"}],"replies":[{"embeddable":true,"href":"https:\/\/www.crea-mt.org.br\/portal\/wp-json\/wp\/v2\/comments?post=7152"}],"version-history":[{"count":0,"href":"https:\/\/www.crea-mt.org.br\/portal\/wp-json\/wp\/v2\/posts\/7152\/revisions"}],"wp:attachment":[{"href":"https:\/\/www.crea-mt.org.br\/portal\/wp-json\/wp\/v2\/media?parent=7152"}],"wp:term":[{"taxonomy":"category","embeddable":true,"href":"https:\/\/www.crea-mt.org.br\/portal\/wp-json\/wp\/v2\/categories?post=7152"},{"taxonomy":"post_tag","embeddable":true,"href":"https:\/\/www.crea-mt.org.br\/portal\/wp-json\/wp\/v2\/tags?post=7152"}],"curies":[{"name":"wp","href":"https:\/\/api.w.org\/{rel}","templated":true}]}}