{"id":7151,"date":"2007-02-28T00:00:00","date_gmt":"2007-02-28T03:00:00","guid":{"rendered":"https:\/\/crea-mt.org.br\/portal\/sugestao-de-pauta-fiscalizacao-do-crea-mt-leva-palestra-para-profissionais-da-sema\/"},"modified":"2007-02-28T00:00:00","modified_gmt":"2007-02-28T03:00:00","slug":"sugestao-de-pauta-fiscalizacao-do-crea-mt-leva-palestra-para-profissionais-da-sema","status":"publish","type":"post","link":"https:\/\/www.crea-mt.org.br\/portal\/sugestao-de-pauta-fiscalizacao-do-crea-mt-leva-palestra-para-profissionais-da-sema\/","title":{"rendered":"SUGEST\u00c3O DE PAUTA &#8211; Fiscaliza\u00e7\u00e3o do Crea-MT leva palestra para profissionais da Sema"},"content":{"rendered":"<p>A concilia\u00e7\u00e3o da \u00e9tica profissional no mercado de trabalho ser\u00e1 o principal tema a ser abordado durante palestra <\/p>\n<p>DATA: Quinta-feira (01.03)<br \/>\nHORAS: 9h<br \/>\nLOCAL: Audit\u00f3rio da Sema<br \/>\nMais informa\u00e7\u00f5es com a Assessoria de Comunica\u00e7\u00e3o pelos telefones: 3315-3027 \/ 9974-2686 (Rafaela Maximiano)<\/p>\n<p>Os temas legisla\u00e7\u00e3o sobre a fiscaliza\u00e7\u00e3o, \u00e9tica e Anota\u00e7\u00e3o de responsabilidade T\u00e9cnica ser\u00e3o abordados durante uma palestra promovida pelo Conselho Regional de Engenharia, Arquitetura e Agronomia de Mato Grosso (Crea-MT) aos profissionais do sistema Confea\/Crea que trabalham na Secretaria de Estado do Meio Ambiente (Sema).<\/p>\n<p>Prevista para iniciar \u00e0s 9h desta quinta-feira (01.03), no audit\u00f3rio da Sema, o objetivo da palestra \u00e9 garantir que o conhecimento obtido pelos profissionais, por meio de m\u00e9todos, seja empregado de modo a possibilitar seguran\u00e7a e qualidade de vida \u00e0s pessoas.  <\/p>\n<p>Os palestrantes ser\u00e3o o gerente de fiscaliza\u00e7\u00e3o do Crea-MT, Geraldo Ceregato, a coordenadora de Atendimento ao P\u00fablico do \u00f3rg\u00e3o, Vilma Aparecida Mata e o conselheiro do Crea-MT, Cl\u00e9ber \u00c1vila Ferreira.<\/p>\n","protected":false},"excerpt":{"rendered":"<p>A concilia\u00e7\u00e3o da \u00e9tica profissional no mercado de trabalho ser\u00e1 o principal tema a ser abordado durante palestra DATA: Quinta-feira (01.03) HORAS: 9h LOCAL: Audit\u00f3rio da Sema Mais informa\u00e7\u00f5es com a Assessoria de Comunica\u00e7\u00e3o pelos telefones: 3315-3027 \/ 9974-2686 (Rafaela Maximiano) Os temas legisla\u00e7\u00e3o sobre a fiscaliza\u00e7\u00e3o, \u00e9tica e Anota\u00e7\u00e3o de responsabilidade T\u00e9cnica ser\u00e3o abordados [&hellip;]<\/p>\n","protected":false},"author":1,"featured_media":0,"comment_status":"open","ping_status":"open","sticky":false,"template":"","format":"standard","meta":{"footnotes":""},"categories":[1],"tags":[],"class_list":["post-7151","post","type-post","status-publish","format-standard","hentry","category-noticias"],"acf":[],"_links":{"self":[{"href":"https:\/\/www.crea-mt.org.br\/portal\/wp-json\/wp\/v2\/posts\/7151","targetHints":{"allow":["GET"]}}],"collection":[{"href":"https:\/\/www.crea-mt.org.br\/portal\/wp-json\/wp\/v2\/posts"}],"about":[{"href":"https:\/\/www.crea-mt.org.br\/portal\/wp-json\/wp\/v2\/types\/post"}],"author":[{"embeddable":true,"href":"https:\/\/www.crea-mt.org.br\/portal\/wp-json\/wp\/v2\/users\/1"}],"replies":[{"embeddable":true,"href":"https:\/\/www.crea-mt.org.br\/portal\/wp-json\/wp\/v2\/comments?post=7151"}],"version-history":[{"count":0,"href":"https:\/\/www.crea-mt.org.br\/portal\/wp-json\/wp\/v2\/posts\/7151\/revisions"}],"wp:attachment":[{"href":"https:\/\/www.crea-mt.org.br\/portal\/wp-json\/wp\/v2\/media?parent=7151"}],"wp:term":[{"taxonomy":"category","embeddable":true,"href":"https:\/\/www.crea-mt.org.br\/portal\/wp-json\/wp\/v2\/categories?post=7151"},{"taxonomy":"post_tag","embeddable":true,"href":"https:\/\/www.crea-mt.org.br\/portal\/wp-json\/wp\/v2\/tags?post=7151"}],"curies":[{"name":"wp","href":"https:\/\/api.w.org\/{rel}","templated":true}]}}