{"id":7150,"date":"2007-03-01T00:00:00","date_gmt":"2007-03-01T03:00:00","guid":{"rendered":"https:\/\/crea-mt.org.br\/portal\/madeira-irregular-apreendida-e-disponibilizazda-para-doacoes\/"},"modified":"2007-03-01T00:00:00","modified_gmt":"2007-03-01T03:00:00","slug":"madeira-irregular-apreendida-e-disponibilizazda-para-doacoes","status":"publish","type":"post","link":"https:\/\/www.crea-mt.org.br\/portal\/madeira-irregular-apreendida-e-disponibilizazda-para-doacoes\/","title":{"rendered":"Madeira irregular apreendida \u00e9 disponibilizazda para doa\u00e7\u00f5es"},"content":{"rendered":"<p>O ac\u00famulo de madeira irregular apreendida em Mato Grosso \u00e9 um aviso \u00e0s institui\u00e7\u00f5es que estejam em obra ou queiram construir, porque cada metro c\u00fabico do material serve a um \u00fanico fim: doa\u00e7\u00e3o. No entanto, para isso, \u00e9 preciso requisitar o material. <\/p>\n<p>O \u00f3rg\u00e3o respons\u00e1vel por toda a madeira apreendida \u00e9 o Juizado Volante Ambiental (Juvam). Por isso, \u00e9 para l\u00e1 que devem ser encaminhados os pedidos de doa\u00e7\u00e3o. Por of\u00edcio.<br \/>\nA madeira fica exposta no p\u00e1tio da Delegacia do Meio Ambiente e em um galp\u00e3o do Estado no Distrito Industrial. <\/p>\n<p>Entre o pedido e a aceita\u00e7\u00e3o dele, pode se passar de apenas dias a at\u00e9 ano. O conciliador do Juvam, Alexandre Corbelino, explica que n\u00e3o \u00e9 poss\u00edvel prever o tempo de espera. &#8220;O projeto tem que ser avaliado pela Sema (Secretaria de Estado de Meio Ambiente) e o Indea (Instituto de Investiga\u00e7\u00e3o, Desenvolvimento e Estudos Avan\u00e7ados), dizendo qual madeira \u00e9, mas quem decide \u00e9 o juiz ambiental (Jos\u00e9 Zunquim)&#8221;. <\/p>\n<p>Segundo Corbelino, no momento, h\u00e1 uma quantidade consider\u00e1vel de madeira, referente a mais de 50 procedimentos criminais instaurados no Juizado ap\u00f3s apreens\u00f5es somente este ano. Ao todo, s\u00e3o 700 tramitando. <\/p>\n<p>A madeira, uma vez doada, serve a projetos sociais. Como os desenvolvidos pela Central \u00danica das Favelas (Cufa), que est\u00e1 fazendo um projeto para pleitear o material. &#8220;Estamos implantando uma biblioteca no bairro Jardim Vit\u00f3ria e precisamos ampliar o espa\u00e7o para podermos tamb\u00e9m implantar l\u00e1 um n\u00facleo de serigrafia. Temos como estrat\u00e9gia de a\u00e7\u00e3o trabalhar com os moradores, mas tamb\u00e9m o p\u00fablico escolar&#8221;, explica o DJ Taba, da lideran\u00e7a da Cufa em Cuiab\u00e1. <\/p>\n<p>O transporte irregular de madeira \u00e9 que gera as apreens\u00f5es, que podem ser feitas pelo Indea, Pol\u00edcia Rodovi\u00e1ria Federal (PRF) e Sema. Mas os envolvidos geralmente incorrem em crime ambiental por excesso de carga, por ter dado informa\u00e7\u00e3o errada sobre a ess\u00eancia florestal e sobre a classifica\u00e7\u00e3o do material, se \u00e9 tora ou madeira serrada, como informa a coordenadora de Fiscaliza\u00e7\u00e3o Florestal da Sema, Ma\u00edza Val\u00e9ria. <\/p>\n<p>As madeiras mais apreendidas em Mato Grosso s\u00e3o cambar\u00e1, cedrinho, jatob\u00e1, garopeira, carejeira. Mas aqui h\u00e1 tamb\u00e9m as de extra\u00e7\u00e3o proibida, como o mogno e a castanheira, al\u00e9m das que s\u00f3 podem ser retiradas mediante plano de manejo. <\/p>\n<p>O fiscal da Sema Joelson Figueiredo explica que manejo \u00e9 a melhor forma de utilizar o ambiente para que ele se recupere sozinho dos impactos. Conforme ele observa, 30% dos que extraem madeira em Mato Grosso fazem isso ilegalmente, principalmente em nome da pecu\u00e1ria. <\/p>\n<p>Outro fiscal, Paulo C\u00e9sar de Lima, observa ainda que a maioria dos cortes aqui ainda \u00e9 feita de forma manual, com motosserras, em locais de dif\u00edcil acesso. Na opini\u00e3o dele, a situa\u00e7\u00e3o j\u00e1 foi pior durante a coloniza\u00e7\u00e3o do Estado e algum avan\u00e7o na fiscaliza\u00e7\u00e3o ajudou. <\/p>\n<p>Fonte: Di\u00e1rio de Cuiab\u00e1.<\/p>\n","protected":false},"excerpt":{"rendered":"<p>O ac\u00famulo de madeira irregular apreendida em Mato Grosso \u00e9 um aviso \u00e0s institui\u00e7\u00f5es que estejam em obra ou queiram construir, porque cada metro c\u00fabico do material serve a um \u00fanico fim: doa\u00e7\u00e3o. No entanto, para isso, \u00e9 preciso requisitar o material. O \u00f3rg\u00e3o respons\u00e1vel por toda a madeira apreendida \u00e9 o Juizado Volante Ambiental [&hellip;]<\/p>\n","protected":false},"author":1,"featured_media":0,"comment_status":"open","ping_status":"open","sticky":false,"template":"","format":"standard","meta":{"footnotes":""},"categories":[1],"tags":[],"class_list":["post-7150","post","type-post","status-publish","format-standard","hentry","category-noticias"],"acf":[],"_links":{"self":[{"href":"https:\/\/www.crea-mt.org.br\/portal\/wp-json\/wp\/v2\/posts\/7150","targetHints":{"allow":["GET"]}}],"collection":[{"href":"https:\/\/www.crea-mt.org.br\/portal\/wp-json\/wp\/v2\/posts"}],"about":[{"href":"https:\/\/www.crea-mt.org.br\/portal\/wp-json\/wp\/v2\/types\/post"}],"author":[{"embeddable":true,"href":"https:\/\/www.crea-mt.org.br\/portal\/wp-json\/wp\/v2\/users\/1"}],"replies":[{"embeddable":true,"href":"https:\/\/www.crea-mt.org.br\/portal\/wp-json\/wp\/v2\/comments?post=7150"}],"version-history":[{"count":0,"href":"https:\/\/www.crea-mt.org.br\/portal\/wp-json\/wp\/v2\/posts\/7150\/revisions"}],"wp:attachment":[{"href":"https:\/\/www.crea-mt.org.br\/portal\/wp-json\/wp\/v2\/media?parent=7150"}],"wp:term":[{"taxonomy":"category","embeddable":true,"href":"https:\/\/www.crea-mt.org.br\/portal\/wp-json\/wp\/v2\/categories?post=7150"},{"taxonomy":"post_tag","embeddable":true,"href":"https:\/\/www.crea-mt.org.br\/portal\/wp-json\/wp\/v2\/tags?post=7150"}],"curies":[{"name":"wp","href":"https:\/\/api.w.org\/{rel}","templated":true}]}}