{"id":7148,"date":"2007-03-01T00:00:00","date_gmt":"2007-03-01T03:00:00","guid":{"rendered":"https:\/\/crea-mt.org.br\/portal\/indigenas-mantem-dois-funcionarios-da-funasa-como-refens-no-acre\/"},"modified":"2007-03-01T00:00:00","modified_gmt":"2007-03-01T03:00:00","slug":"indigenas-mantem-dois-funcionarios-da-funasa-como-refens-no-acre","status":"publish","type":"post","link":"https:\/\/www.crea-mt.org.br\/portal\/indigenas-mantem-dois-funcionarios-da-funasa-como-refens-no-acre\/","title":{"rendered":"Ind\u00edgenas mant\u00eam dois funcion\u00e1rios da Funasa como ref\u00e9ns no Acre"},"content":{"rendered":"<p>Dois funcion\u00e1rios da Funasa &#8211; Funda\u00e7\u00e3o Nacional de Sa\u00fade foram seq\u00fcestrados e mantidos como ref\u00e9ns pelos \u00edndios yawanawa desde o dia 26.02. O dentista Willian Walfredo Fernandes Martinez e sua auxiliar Maria Ivete da Costa prestavam atendimento odontol\u00f3gico na aldeia, localizada a dois dias de barco pelo rio Greg\u00f3rio no munic\u00edpio de Tarauac\u00e1.<\/p>\n<p>O cacique Biraci Brasil afirma que o seq\u00fcestro visa chamar a aten\u00e7\u00e3o da Funasa para a m\u00e1 qualidade do atendimento \u00e0 sa\u00fade ind\u00edgena no Acre, que, segundo ele, \u00e9 muito demorado.<\/p>\n<p>Biraci exige ser recebido pelo coordenador do \u00f3rg\u00e3o em Rio Branco, Jos\u00e9 Carlos Pereira. A assessoria de comunica\u00e7\u00e3o da Funasa informou que a reuni\u00e3o ser\u00e1 agendada. <\/p>\n<p>Fonte: Estad\u00e3o Online.<\/p>\n","protected":false},"excerpt":{"rendered":"<p>Dois funcion\u00e1rios da Funasa &#8211; Funda\u00e7\u00e3o Nacional de Sa\u00fade foram seq\u00fcestrados e mantidos como ref\u00e9ns pelos \u00edndios yawanawa desde o dia 26.02. O dentista Willian Walfredo Fernandes Martinez e sua auxiliar Maria Ivete da Costa prestavam atendimento odontol\u00f3gico na aldeia, localizada a dois dias de barco pelo rio Greg\u00f3rio no munic\u00edpio de Tarauac\u00e1. O cacique [&hellip;]<\/p>\n","protected":false},"author":1,"featured_media":0,"comment_status":"open","ping_status":"open","sticky":false,"template":"","format":"standard","meta":{"footnotes":""},"categories":[1],"tags":[],"class_list":["post-7148","post","type-post","status-publish","format-standard","hentry","category-noticias"],"acf":[],"_links":{"self":[{"href":"https:\/\/www.crea-mt.org.br\/portal\/wp-json\/wp\/v2\/posts\/7148","targetHints":{"allow":["GET"]}}],"collection":[{"href":"https:\/\/www.crea-mt.org.br\/portal\/wp-json\/wp\/v2\/posts"}],"about":[{"href":"https:\/\/www.crea-mt.org.br\/portal\/wp-json\/wp\/v2\/types\/post"}],"author":[{"embeddable":true,"href":"https:\/\/www.crea-mt.org.br\/portal\/wp-json\/wp\/v2\/users\/1"}],"replies":[{"embeddable":true,"href":"https:\/\/www.crea-mt.org.br\/portal\/wp-json\/wp\/v2\/comments?post=7148"}],"version-history":[{"count":0,"href":"https:\/\/www.crea-mt.org.br\/portal\/wp-json\/wp\/v2\/posts\/7148\/revisions"}],"wp:attachment":[{"href":"https:\/\/www.crea-mt.org.br\/portal\/wp-json\/wp\/v2\/media?parent=7148"}],"wp:term":[{"taxonomy":"category","embeddable":true,"href":"https:\/\/www.crea-mt.org.br\/portal\/wp-json\/wp\/v2\/categories?post=7148"},{"taxonomy":"post_tag","embeddable":true,"href":"https:\/\/www.crea-mt.org.br\/portal\/wp-json\/wp\/v2\/tags?post=7148"}],"curies":[{"name":"wp","href":"https:\/\/api.w.org\/{rel}","templated":true}]}}