{"id":7147,"date":"2007-03-01T00:00:00","date_gmt":"2007-03-01T03:00:00","guid":{"rendered":"https:\/\/crea-mt.org.br\/portal\/aumento-nos-casos-de-dengue-faz-governo-federal-tratar-problema-como-epidemia\/"},"modified":"2007-03-01T00:00:00","modified_gmt":"2007-03-01T03:00:00","slug":"aumento-nos-casos-de-dengue-faz-governo-federal-tratar-problema-como-epidemia","status":"publish","type":"post","link":"https:\/\/www.crea-mt.org.br\/portal\/aumento-nos-casos-de-dengue-faz-governo-federal-tratar-problema-como-epidemia\/","title":{"rendered":"Aumento nos casos de dengue faz governo federal tratar problema como epidemia"},"content":{"rendered":"<p>A diretora t\u00e9cnica da Secretaria de Vigil\u00e2ncia em Sa\u00fade do Minist\u00e9rio da Sa\u00fade, S\u00f4nia Brito, disse dia 28 de fevereiro que o governo federal j\u00e1 trata e considera os casos de dengue no Brasil como uma epidemia. Segundo ela, o momento agora \u00e9 de juntar esfor\u00e7os para controlar o avan\u00e7o da doen\u00e7a.<\/p>\n<p>&#8220;A gente est\u00e1 tratando como se uma epidemia fosse, mesmo que n\u00e3o seja em n\u00edveis alarmantes, mas a gente pode considerar. E, assim, todas as iniciativas que temos feito junto ao estado e ao munic\u00edpio tem sido para controlar essa situa\u00e7\u00e3o, em especial em Campo Grande, onde est\u00e1 o maior n\u00famero de registros&#8221;, explica a diretora.<\/p>\n<p>Nos dois primeiros meses deste ano, o n\u00famero de casos da doen\u00e7a no Brasil aumentou 17% em rela\u00e7\u00e3o ao mesmo per\u00edodo do ano passado. Foram confirmados 53 mil casos de dengue, dos quais 52,8 % est\u00e3o em Campo Grande, cap\u00edtal do Mato Grosso do Sul (30 mil casos e duas mortes).<\/p>\n<p>Em segundo lugar, vem o Mato Grosso, com 4,3 mil casos, seguido por Minas Gerais, com 3,3 mil, e ainda Paran\u00e1 e Goi\u00e1s. Cerca de 64% dos casos est\u00e3o concentrados na regi\u00e3o Centro-Oeste.<\/p>\n<p>De acordo com o Minist\u00e9rio da Sa\u00fade, no in\u00edcio do ano, houve um repasse adicional de R$ 326 mil para contrata\u00e7\u00e3o de agentes de controle de endemias. Campo Grande recebeu um verba extra de R$ 330 mil.<\/p>\n<p>&#8220;Fizemos ainda a contrata\u00e7\u00e3o de um consultor permanente, para dar suporte t\u00e9cnico, al\u00e9m de levar dez carros para fazer a\u00e7\u00f5es de controle do vetor e ainda mais equipamentos como carros e motos, e mais inseticida para ajudar os munic\u00edpios no controle da doen\u00e7a&#8221;, afirma a diretora da Secretaria de Vigil\u00e2ncia em Sa\u00fade.<\/p>\n<p>Ela aconselha a popupla\u00e7\u00e3o a usar repelentes de mosquito em regi\u00f5es de risco, tomar cuidados domiciliares para evitar a infesta\u00e7\u00e3o e n\u00e3o dificultar a entrada de agentes para aplica\u00e7\u00e3o de inseticida nas propriedades.<\/p>\n<p>&#8220;Por mais a\u00e7\u00f5es que n\u00f3s fa\u00e7amos, se n\u00e3o houver uma a\u00e7\u00e3o conjunta entre estado, munic\u00edpio e sociedade, n\u00f3s jamais conseguiremos os efeitos desejados.&#8221; <\/p>\n<p>Fonte: A Voz do Brasil.<\/p>\n","protected":false},"excerpt":{"rendered":"<p>A diretora t\u00e9cnica da Secretaria de Vigil\u00e2ncia em Sa\u00fade do Minist\u00e9rio da Sa\u00fade, S\u00f4nia Brito, disse dia 28 de fevereiro que o governo federal j\u00e1 trata e considera os casos de dengue no Brasil como uma epidemia. Segundo ela, o momento agora \u00e9 de juntar esfor\u00e7os para controlar o avan\u00e7o da doen\u00e7a. &#8220;A gente est\u00e1 [&hellip;]<\/p>\n","protected":false},"author":1,"featured_media":0,"comment_status":"open","ping_status":"open","sticky":false,"template":"","format":"standard","meta":{"footnotes":""},"categories":[1],"tags":[],"class_list":["post-7147","post","type-post","status-publish","format-standard","hentry","category-noticias"],"acf":[],"_links":{"self":[{"href":"https:\/\/www.crea-mt.org.br\/portal\/wp-json\/wp\/v2\/posts\/7147","targetHints":{"allow":["GET"]}}],"collection":[{"href":"https:\/\/www.crea-mt.org.br\/portal\/wp-json\/wp\/v2\/posts"}],"about":[{"href":"https:\/\/www.crea-mt.org.br\/portal\/wp-json\/wp\/v2\/types\/post"}],"author":[{"embeddable":true,"href":"https:\/\/www.crea-mt.org.br\/portal\/wp-json\/wp\/v2\/users\/1"}],"replies":[{"embeddable":true,"href":"https:\/\/www.crea-mt.org.br\/portal\/wp-json\/wp\/v2\/comments?post=7147"}],"version-history":[{"count":0,"href":"https:\/\/www.crea-mt.org.br\/portal\/wp-json\/wp\/v2\/posts\/7147\/revisions"}],"wp:attachment":[{"href":"https:\/\/www.crea-mt.org.br\/portal\/wp-json\/wp\/v2\/media?parent=7147"}],"wp:term":[{"taxonomy":"category","embeddable":true,"href":"https:\/\/www.crea-mt.org.br\/portal\/wp-json\/wp\/v2\/categories?post=7147"},{"taxonomy":"post_tag","embeddable":true,"href":"https:\/\/www.crea-mt.org.br\/portal\/wp-json\/wp\/v2\/tags?post=7147"}],"curies":[{"name":"wp","href":"https:\/\/api.w.org\/{rel}","templated":true}]}}