{"id":7145,"date":"2007-03-01T00:00:00","date_gmt":"2007-03-01T03:00:00","guid":{"rendered":"https:\/\/crea-mt.org.br\/portal\/ano-polar-internacional-comeca-com-foco-nas-mudancas-climaticas\/"},"modified":"2007-03-01T00:00:00","modified_gmt":"2007-03-01T03:00:00","slug":"ano-polar-internacional-comeca-com-foco-nas-mudancas-climaticas","status":"publish","type":"post","link":"https:\/\/www.crea-mt.org.br\/portal\/ano-polar-internacional-comeca-com-foco-nas-mudancas-climaticas\/","title":{"rendered":"Ano Polar Internacional come\u00e7a com foco nas mudan\u00e7as clim\u00e1ticas"},"content":{"rendered":"<p>Come\u00e7a nesta quinta-feira (01.03) o quarto API &#8211; Ano Polar Internacional. At\u00e9 mar\u00e7o de 2009, cientistas de todo o mundo estar\u00e3o envolvidos em um programa de coopera\u00e7\u00e3o cient\u00edfica internacional para estudo do \u00c1rtico e da Ant\u00e1rtica, com foco nas mudan\u00e7as clim\u00e1ticas.<\/p>\n<p>O lan\u00e7amento no Brasil ser\u00e1 nesta quinta-feira, \u00e0s 14h, no Minist\u00e9rio da Ci\u00eancia e Tecnologia, com transmiss\u00e3o ao vivo, em teleconfer\u00eancia, da Ant\u00e1rtica. O secret\u00e1rio de Biodiversidade e Florestas do Minist\u00e9rio do Meio Ambiente, Jo\u00e3o Paulo Capobianco, participar\u00e1 do evento. Para comemorar a data ser\u00e1 realizada, no hall de entrada do Minist\u00e9rio do Meio Ambiente, uma exposi\u00e7\u00e3o sobre a regi\u00e3o ant\u00e1rtica e exibido o v\u00eddeo &#8220;Brasil na Ant\u00e1rtica&#8221;.<\/p>\n<p>O envolvimento do Brasil no API ser\u00e1 realizado no \u00e2mbito do Programa Ant\u00e1rtico Brasileiro, vinculado ao Minist\u00e9rio de Ci\u00eancia e Tecnologia. Os projetos brasileiros, em coopera\u00e7\u00e3o com outros pa\u00edses, envolver\u00e3o: estudos da atmosfera e sua conex\u00e3o com a Am\u00e9rica do Sul; impacto do clima espacial na atmosfera polar e  influ\u00eancia das correntes oce\u00e2nicas provenientes da Ant\u00e1rtica na plataforma da Am\u00e9rica do Sul, em especial na costa brasileira.<\/p>\n<p>Tamb\u00e9m ser\u00e3o estudadas as altera\u00e7\u00f5es na massa de gelo da Pen\u00ednsula Ant\u00e1rtica e seus  conseq\u00fcentes impactos nos ecossistemas terrestres e marinhos; biodiversidade molecular; e ecologia microbiana. Um dos grandes projetos do API que conta com a participa\u00e7\u00e3o brasileira \u00e9 o Censo de Vida Marinha Ant\u00e1rtica, que faz parte do maior invent\u00e1rio de esp\u00e9cies marinhas j\u00e1 realizado.<\/p>\n<p>Segundo a coordenadora do grupo de avalia\u00e7\u00e3o ambiental do Programa Ant\u00e1rtico Brasileiro, T\u00e2nia Brito, estudar o que acontece na Ant\u00e1rtica \u00e9 fundamental para entender as mudan\u00e7as em curso no mundo. &#8220;A regi\u00e3o \u00e9 o refrigerador do planeta. \u00c9 na Ant\u00e1rtica que s\u00e3o formadas as correntes mar\u00edtimas e atmosf\u00e9ricas que v\u00e3o influenciar outras regi\u00f5es&#8221;. T\u00e2nia destaca ainda que com o estudo do gelo da regi\u00e3o, cuja espessura em algumas \u00e1reas \u00e9 de quase  cinco mil  metros, pode-se conhecer as  altera\u00e7\u00f5es clim\u00e1ticas nos \u00faltimos mil\u00eanios e compar\u00e1-las com as atuais. &#8220;O gelo \u00e9 o melhor arquivo da hist\u00f3ria clim\u00e1tica do planeta&#8221;, explica.<\/p>\n<p>Nos \u00faltimos quatro anos, o Minist\u00e9rio do Meio Ambiente, em parceria com o MCT, induziu e financiou o projeto Mudan\u00e7as Ambientais na Ant\u00e1rtica, que investigou os reflexos das altera\u00e7\u00f5es ambientais globais percebidas na Ant\u00e1rtica e seu impacto no territ\u00f3rio brasileiro. Esse trabalho envolveu centenas de pesquisadores do Brasil.<\/p>\n<p>O Ano Polar Internacional  ter\u00e1 participa\u00e7\u00e3o da comunidade cient\u00edfica mundial: 50 mil cientistas de 63 pa\u00edses, envolvidos em 227 projetos, concentrando esfor\u00e7os para compreender as implica\u00e7\u00f5es das mudan\u00e7as ambientais percebidas na Ant\u00e1rtica e no \u00c1rtico e sua import\u00e2ncia ambiental e econ\u00f4mica para o planeta.<\/p>\n<p>Organizado pelo Conselho Internacional para Ci\u00eancia e pela Organiza\u00e7\u00e3o Meteorol\u00f3gica Mundial, o lan\u00e7amento mundial ser\u00e1 em Paris, Fran\u00e7a. <\/p>\n<p>Fonte: MMA.<\/p>\n","protected":false},"excerpt":{"rendered":"<p>Come\u00e7a nesta quinta-feira (01.03) o quarto API &#8211; Ano Polar Internacional. At\u00e9 mar\u00e7o de 2009, cientistas de todo o mundo estar\u00e3o envolvidos em um programa de coopera\u00e7\u00e3o cient\u00edfica internacional para estudo do \u00c1rtico e da Ant\u00e1rtica, com foco nas mudan\u00e7as clim\u00e1ticas. O lan\u00e7amento no Brasil ser\u00e1 nesta quinta-feira, \u00e0s 14h, no Minist\u00e9rio da Ci\u00eancia e [&hellip;]<\/p>\n","protected":false},"author":1,"featured_media":0,"comment_status":"open","ping_status":"open","sticky":false,"template":"","format":"standard","meta":{"footnotes":""},"categories":[1],"tags":[],"class_list":["post-7145","post","type-post","status-publish","format-standard","hentry","category-noticias"],"acf":[],"_links":{"self":[{"href":"https:\/\/www.crea-mt.org.br\/portal\/wp-json\/wp\/v2\/posts\/7145","targetHints":{"allow":["GET"]}}],"collection":[{"href":"https:\/\/www.crea-mt.org.br\/portal\/wp-json\/wp\/v2\/posts"}],"about":[{"href":"https:\/\/www.crea-mt.org.br\/portal\/wp-json\/wp\/v2\/types\/post"}],"author":[{"embeddable":true,"href":"https:\/\/www.crea-mt.org.br\/portal\/wp-json\/wp\/v2\/users\/1"}],"replies":[{"embeddable":true,"href":"https:\/\/www.crea-mt.org.br\/portal\/wp-json\/wp\/v2\/comments?post=7145"}],"version-history":[{"count":0,"href":"https:\/\/www.crea-mt.org.br\/portal\/wp-json\/wp\/v2\/posts\/7145\/revisions"}],"wp:attachment":[{"href":"https:\/\/www.crea-mt.org.br\/portal\/wp-json\/wp\/v2\/media?parent=7145"}],"wp:term":[{"taxonomy":"category","embeddable":true,"href":"https:\/\/www.crea-mt.org.br\/portal\/wp-json\/wp\/v2\/categories?post=7145"},{"taxonomy":"post_tag","embeddable":true,"href":"https:\/\/www.crea-mt.org.br\/portal\/wp-json\/wp\/v2\/tags?post=7145"}],"curies":[{"name":"wp","href":"https:\/\/api.w.org\/{rel}","templated":true}]}}