{"id":7144,"date":"2007-03-01T00:00:00","date_gmt":"2007-03-01T03:00:00","guid":{"rendered":"https:\/\/crea-mt.org.br\/portal\/ministro-da-agricultura-elogia-votacao-sobre-transgenicos\/"},"modified":"2007-03-01T00:00:00","modified_gmt":"2007-03-01T03:00:00","slug":"ministro-da-agricultura-elogia-votacao-sobre-transgenicos","status":"publish","type":"post","link":"https:\/\/www.crea-mt.org.br\/portal\/ministro-da-agricultura-elogia-votacao-sobre-transgenicos\/","title":{"rendered":"Ministro da Agricultura elogia vota\u00e7\u00e3o sobre transg\u00eanicos"},"content":{"rendered":"<p>O ministro da Agricultura, Lu\u00eds Carlos Guedes Pinto, afirmou que o Senado &#8220;certamente tomou uma decis\u00e3o racional&#8221; ao aprovar, na ter\u00e7a-feira, 27, a Medida Provis\u00f3ria (MP) 327, que flexibiliza regras para a aprova\u00e7\u00e3o e plantio de transg\u00eanicos.<\/p>\n<p>A MP prev\u00ea a redu\u00e7\u00e3o de 18 para 14 votos o qu\u00f3rum m\u00ednimo para libera\u00e7\u00e3o do plantio comercial de transg\u00eanicos na CTNBio &#8211; Comiss\u00e3o T\u00e9cnica Nacional de Biosseguran\u00e7a &#8211; que tem 27 integrantes &#8211; cria regras para o plantio de transg\u00eanicos em \u00e1reas pr\u00f3ximas \u00e0s unidades de conserva\u00e7\u00e3o e libera a comercializa\u00e7\u00e3o da fibra de algod\u00e3o geneticamente modificado, apreendido na safra passada em \u00e1reas de Mato Grosso e da Bahia.<\/p>\n<p>De acordo com o ministro, as sementes dessa variedade de algod\u00e3o ser\u00e3o destru\u00eddas. Ele acrescentou que a aprova\u00e7\u00e3o das novas regras para transg\u00eanicos facilitar\u00e1 a libera\u00e7\u00e3o comercial de variedades geneticamente modificadas de milho, por exemplo. &#8220;Certamente, aumenta bastante a possibilidade que essa decis\u00e3o possa ser tomada na pr\u00f3xima reuni\u00e3o (entre 20 e 21 de mar\u00e7o) da CTNBio&#8221;, afirmou o ministro.<\/p>\n<p>Guedes participou, pela manh\u00e3, da reuni\u00e3o da abertura do semin\u00e1rio &#8220;Mudan\u00e7as Clim\u00e1ticas Globais e seus Efeitos na Agricultura, Recursos H\u00eddricos e Sa\u00fade P\u00fablica&#8221;, no Instituto Nacional de Meteorologia, em Bras\u00edlia (DF).<\/p>\n<p>Durante sua apresenta\u00e7\u00e3o, o ministro voltou a criticar os pa\u00edses desenvolvidos pelas a\u00e7\u00f5es que proporcionaram as mudan\u00e7as clim\u00e1ticas. &#8220;N\u00e3o podemos aceitar a pecha de sermos respons\u00e1veis pela destrui\u00e7\u00e3o da Floresta Amaz\u00f4nica e a polui\u00e7\u00e3o do mundo; os pa\u00edses desenvolvidos devem assumir as conseq\u00fc\u00eancias e os custos desses problemas clim\u00e1ticos&#8221;, afirmou o ministro.<\/p>\n<p>Fonte: Estad\u00e3o Online.<\/p>\n","protected":false},"excerpt":{"rendered":"<p>O ministro da Agricultura, Lu\u00eds Carlos Guedes Pinto, afirmou que o Senado &#8220;certamente tomou uma decis\u00e3o racional&#8221; ao aprovar, na ter\u00e7a-feira, 27, a Medida Provis\u00f3ria (MP) 327, que flexibiliza regras para a aprova\u00e7\u00e3o e plantio de transg\u00eanicos. A MP prev\u00ea a redu\u00e7\u00e3o de 18 para 14 votos o qu\u00f3rum m\u00ednimo para libera\u00e7\u00e3o do plantio comercial [&hellip;]<\/p>\n","protected":false},"author":1,"featured_media":0,"comment_status":"open","ping_status":"open","sticky":false,"template":"","format":"standard","meta":{"footnotes":""},"categories":[1],"tags":[],"class_list":["post-7144","post","type-post","status-publish","format-standard","hentry","category-noticias"],"acf":[],"_links":{"self":[{"href":"https:\/\/www.crea-mt.org.br\/portal\/wp-json\/wp\/v2\/posts\/7144","targetHints":{"allow":["GET"]}}],"collection":[{"href":"https:\/\/www.crea-mt.org.br\/portal\/wp-json\/wp\/v2\/posts"}],"about":[{"href":"https:\/\/www.crea-mt.org.br\/portal\/wp-json\/wp\/v2\/types\/post"}],"author":[{"embeddable":true,"href":"https:\/\/www.crea-mt.org.br\/portal\/wp-json\/wp\/v2\/users\/1"}],"replies":[{"embeddable":true,"href":"https:\/\/www.crea-mt.org.br\/portal\/wp-json\/wp\/v2\/comments?post=7144"}],"version-history":[{"count":0,"href":"https:\/\/www.crea-mt.org.br\/portal\/wp-json\/wp\/v2\/posts\/7144\/revisions"}],"wp:attachment":[{"href":"https:\/\/www.crea-mt.org.br\/portal\/wp-json\/wp\/v2\/media?parent=7144"}],"wp:term":[{"taxonomy":"category","embeddable":true,"href":"https:\/\/www.crea-mt.org.br\/portal\/wp-json\/wp\/v2\/categories?post=7144"},{"taxonomy":"post_tag","embeddable":true,"href":"https:\/\/www.crea-mt.org.br\/portal\/wp-json\/wp\/v2\/tags?post=7144"}],"curies":[{"name":"wp","href":"https:\/\/api.w.org\/{rel}","templated":true}]}}