{"id":7142,"date":"2007-03-01T00:00:00","date_gmt":"2007-03-01T03:00:00","guid":{"rendered":"https:\/\/crea-mt.org.br\/portal\/marco-um-mes-com-eventos-de-peso-para-o-setor\/"},"modified":"2007-03-01T00:00:00","modified_gmt":"2007-03-01T03:00:00","slug":"marco-um-mes-com-eventos-de-peso-para-o-setor","status":"publish","type":"post","link":"https:\/\/www.crea-mt.org.br\/portal\/marco-um-mes-com-eventos-de-peso-para-o-setor\/","title":{"rendered":"Mar\u00e7o: um m\u00eas com eventos de peso para o setor"},"content":{"rendered":"<p>Quatro importantes eventos prometem levar muito conhecimento aos profissionais do setor de celulose e papel durante o m\u00eas de mar\u00e7o. O 3\u00ba ICEP &#8211; Col\u00f3quio Internacional sobre Celulose de Eucalipto, ocorrer\u00e1 de 04 a 07 de mar\u00e7o em Belo Horizonte (MG) e abordar\u00e1 o desenvolvimento da \u00e1rea de qualidade da polpa e novos produtos de fibras de eucalipto que transcendam o mercado de pap\u00e9is de imprimir e escrever e sanit\u00e1rios.<\/p>\n<p>Em 13 de mar\u00e7o \u00e9 a vez da Mesa-redonda sobre Refina\u00e7\u00e3o da Celulose, que ir\u00e1 discutir par\u00e2metros, consumo de energia, qualidade do papel e andamento de m\u00e1quina e influ\u00eancias provenientes da linha de fibras na Ripasa &#8211; Unidade Americana (SP). J\u00e1 a Mesa-redonda sobre Par\u00e2metros Atmosf\u00e9ricos ser\u00e1 em 20 de mar\u00e7o na Suzano Papel e Celulose em Suzano (SP) e ter\u00e1 como principal intuito discutir e avaliar os impactos da nova resolu\u00e7\u00e3o sobre os novos empreendimentos do setor.<\/p>\n<p>Finalmente, o Encontro de Operadores de Forno de Cal e Caustificadores, nos dias 27 e 28 de mar\u00e7o na Ripasa &#8211; Unidade Americana (SP) , promover\u00e1 o interc\u00e2mbio de informa\u00e7\u00f5es entre os operadores, com destaque  para os problemas operacionais do dia- a-dia e a maneira com que os mesmos s\u00e3o tratados pelas empresas.<\/p>\n<p>Fonte: ABTCP<\/p>\n","protected":false},"excerpt":{"rendered":"<p>Quatro importantes eventos prometem levar muito conhecimento aos profissionais do setor de celulose e papel durante o m\u00eas de mar\u00e7o. O 3\u00ba ICEP &#8211; Col\u00f3quio Internacional sobre Celulose de Eucalipto, ocorrer\u00e1 de 04 a 07 de mar\u00e7o em Belo Horizonte (MG) e abordar\u00e1 o desenvolvimento da \u00e1rea de qualidade da polpa e novos produtos de [&hellip;]<\/p>\n","protected":false},"author":1,"featured_media":0,"comment_status":"open","ping_status":"open","sticky":false,"template":"","format":"standard","meta":{"footnotes":""},"categories":[1],"tags":[],"class_list":["post-7142","post","type-post","status-publish","format-standard","hentry","category-noticias"],"acf":[],"_links":{"self":[{"href":"https:\/\/www.crea-mt.org.br\/portal\/wp-json\/wp\/v2\/posts\/7142","targetHints":{"allow":["GET"]}}],"collection":[{"href":"https:\/\/www.crea-mt.org.br\/portal\/wp-json\/wp\/v2\/posts"}],"about":[{"href":"https:\/\/www.crea-mt.org.br\/portal\/wp-json\/wp\/v2\/types\/post"}],"author":[{"embeddable":true,"href":"https:\/\/www.crea-mt.org.br\/portal\/wp-json\/wp\/v2\/users\/1"}],"replies":[{"embeddable":true,"href":"https:\/\/www.crea-mt.org.br\/portal\/wp-json\/wp\/v2\/comments?post=7142"}],"version-history":[{"count":0,"href":"https:\/\/www.crea-mt.org.br\/portal\/wp-json\/wp\/v2\/posts\/7142\/revisions"}],"wp:attachment":[{"href":"https:\/\/www.crea-mt.org.br\/portal\/wp-json\/wp\/v2\/media?parent=7142"}],"wp:term":[{"taxonomy":"category","embeddable":true,"href":"https:\/\/www.crea-mt.org.br\/portal\/wp-json\/wp\/v2\/categories?post=7142"},{"taxonomy":"post_tag","embeddable":true,"href":"https:\/\/www.crea-mt.org.br\/portal\/wp-json\/wp\/v2\/tags?post=7142"}],"curies":[{"name":"wp","href":"https:\/\/api.w.org\/{rel}","templated":true}]}}