{"id":7137,"date":"2007-03-01T00:00:00","date_gmt":"2007-03-01T03:00:00","guid":{"rendered":"https:\/\/crea-mt.org.br\/portal\/menos-de-75-mil-viagens-de-caminhao-na-br-101\/"},"modified":"2007-03-01T00:00:00","modified_gmt":"2007-03-01T03:00:00","slug":"menos-de-75-mil-viagens-de-caminhao-na-br-101","status":"publish","type":"post","link":"https:\/\/www.crea-mt.org.br\/portal\/menos-de-75-mil-viagens-de-caminhao-na-br-101\/","title":{"rendered":"Menos de 75 mil viagens de caminh\u00e3o na BR-101"},"content":{"rendered":"<p>O sistema mar\u00edtimo de transporte de madeira da Unidade Barra do Riacho da Aracruz encerrou 2006 com uma movimenta\u00e7\u00e3o de quase 2 milh\u00f5es de metros c\u00fabicos de toras de eucalipto entre o extremo-sul da Bahia e o centro-norte do Esp\u00edrito Santo, um crescimento de 43% em rela\u00e7\u00e3o a 2005. Isto representou a elimina\u00e7\u00e3o de mais de 75 mil viagens de caminh\u00e3o, contribuindo para a diminui\u00e7\u00e3o do tr\u00e1fego na BR-101, no trecho onde a companhia possui plantios. No ano passado, o modal mar\u00edtimo foi respons\u00e1vel por 24% do total de madeira transportada, devendo atingir 27% em 2007.<\/p>\n<p>Fonte: Aracruz Not\u00edcias. <\/p>\n","protected":false},"excerpt":{"rendered":"<p>O sistema mar\u00edtimo de transporte de madeira da Unidade Barra do Riacho da Aracruz encerrou 2006 com uma movimenta\u00e7\u00e3o de quase 2 milh\u00f5es de metros c\u00fabicos de toras de eucalipto entre o extremo-sul da Bahia e o centro-norte do Esp\u00edrito Santo, um crescimento de 43% em rela\u00e7\u00e3o a 2005. Isto representou a elimina\u00e7\u00e3o de mais [&hellip;]<\/p>\n","protected":false},"author":1,"featured_media":0,"comment_status":"open","ping_status":"open","sticky":false,"template":"","format":"standard","meta":{"footnotes":""},"categories":[1],"tags":[],"class_list":["post-7137","post","type-post","status-publish","format-standard","hentry","category-noticias"],"acf":[],"_links":{"self":[{"href":"https:\/\/www.crea-mt.org.br\/portal\/wp-json\/wp\/v2\/posts\/7137","targetHints":{"allow":["GET"]}}],"collection":[{"href":"https:\/\/www.crea-mt.org.br\/portal\/wp-json\/wp\/v2\/posts"}],"about":[{"href":"https:\/\/www.crea-mt.org.br\/portal\/wp-json\/wp\/v2\/types\/post"}],"author":[{"embeddable":true,"href":"https:\/\/www.crea-mt.org.br\/portal\/wp-json\/wp\/v2\/users\/1"}],"replies":[{"embeddable":true,"href":"https:\/\/www.crea-mt.org.br\/portal\/wp-json\/wp\/v2\/comments?post=7137"}],"version-history":[{"count":0,"href":"https:\/\/www.crea-mt.org.br\/portal\/wp-json\/wp\/v2\/posts\/7137\/revisions"}],"wp:attachment":[{"href":"https:\/\/www.crea-mt.org.br\/portal\/wp-json\/wp\/v2\/media?parent=7137"}],"wp:term":[{"taxonomy":"category","embeddable":true,"href":"https:\/\/www.crea-mt.org.br\/portal\/wp-json\/wp\/v2\/categories?post=7137"},{"taxonomy":"post_tag","embeddable":true,"href":"https:\/\/www.crea-mt.org.br\/portal\/wp-json\/wp\/v2\/tags?post=7137"}],"curies":[{"name":"wp","href":"https:\/\/api.w.org\/{rel}","templated":true}]}}