{"id":7134,"date":"2007-03-02T00:00:00","date_gmt":"2007-03-02T03:00:00","guid":{"rendered":"https:\/\/crea-mt.org.br\/portal\/acao-conjunta-visa-combater-comercio-ilegal-de-animais-silvestres\/"},"modified":"2007-03-02T00:00:00","modified_gmt":"2007-03-02T03:00:00","slug":"acao-conjunta-visa-combater-comercio-ilegal-de-animais-silvestres","status":"publish","type":"post","link":"https:\/\/www.crea-mt.org.br\/portal\/acao-conjunta-visa-combater-comercio-ilegal-de-animais-silvestres\/","title":{"rendered":"A\u00e7\u00e3o conjunta visa combater com\u00e9rcio ilegal de animais silvestres"},"content":{"rendered":"<p>A Superintend\u00eancia do Ibama no Cear\u00e1 em parceria com a Linha Verde e outras institui\u00e7\u00f5es estaduais, realizam nesta sexta-feira (2) a\u00e7\u00e3o visando proteger a piracema nos rios, lagos e a\u00e7udes do estado, em conjunto com a Semace &#8211; Superintend\u00eancia Estadual de Meio Ambiente do Cear\u00e1, CPMA &#8211; Pol\u00edcia Militar Ambiental e Cogerh &#8211; Companhia de Gest\u00e3o de Recursos H\u00eddricos.<\/p>\n<p>Esta a\u00e7\u00e3o visa uma iniciativa da Supes\/CE de apoiar a Linha Verde (0800.61.8080) no atendimento \u00e0s den\u00fancias de combate \u00e0 guarda e com\u00e9rcio de animais silvestres em resid\u00eancias, dep\u00f3sitos e logradouros, juntamente com outras institui\u00e7\u00f5es que atuam na preserva\u00e7\u00e3o do meio ambiente, numa demonstra\u00e7\u00e3o de coes\u00e3o e soma de esfor\u00e7os para zelar e proteger os recursos naturais do Cear\u00e1.<\/p>\n<p>Fonte: Ibama<\/p>\n","protected":false},"excerpt":{"rendered":"<p>A Superintend\u00eancia do Ibama no Cear\u00e1 em parceria com a Linha Verde e outras institui\u00e7\u00f5es estaduais, realizam nesta sexta-feira (2) a\u00e7\u00e3o visando proteger a piracema nos rios, lagos e a\u00e7udes do estado, em conjunto com a Semace &#8211; Superintend\u00eancia Estadual de Meio Ambiente do Cear\u00e1, CPMA &#8211; Pol\u00edcia Militar Ambiental e Cogerh &#8211; Companhia de [&hellip;]<\/p>\n","protected":false},"author":1,"featured_media":0,"comment_status":"open","ping_status":"open","sticky":false,"template":"","format":"standard","meta":{"footnotes":""},"categories":[1],"tags":[],"class_list":["post-7134","post","type-post","status-publish","format-standard","hentry","category-noticias"],"acf":[],"_links":{"self":[{"href":"https:\/\/www.crea-mt.org.br\/portal\/wp-json\/wp\/v2\/posts\/7134","targetHints":{"allow":["GET"]}}],"collection":[{"href":"https:\/\/www.crea-mt.org.br\/portal\/wp-json\/wp\/v2\/posts"}],"about":[{"href":"https:\/\/www.crea-mt.org.br\/portal\/wp-json\/wp\/v2\/types\/post"}],"author":[{"embeddable":true,"href":"https:\/\/www.crea-mt.org.br\/portal\/wp-json\/wp\/v2\/users\/1"}],"replies":[{"embeddable":true,"href":"https:\/\/www.crea-mt.org.br\/portal\/wp-json\/wp\/v2\/comments?post=7134"}],"version-history":[{"count":0,"href":"https:\/\/www.crea-mt.org.br\/portal\/wp-json\/wp\/v2\/posts\/7134\/revisions"}],"wp:attachment":[{"href":"https:\/\/www.crea-mt.org.br\/portal\/wp-json\/wp\/v2\/media?parent=7134"}],"wp:term":[{"taxonomy":"category","embeddable":true,"href":"https:\/\/www.crea-mt.org.br\/portal\/wp-json\/wp\/v2\/categories?post=7134"},{"taxonomy":"post_tag","embeddable":true,"href":"https:\/\/www.crea-mt.org.br\/portal\/wp-json\/wp\/v2\/tags?post=7134"}],"curies":[{"name":"wp","href":"https:\/\/api.w.org\/{rel}","templated":true}]}}