{"id":7131,"date":"2007-03-02T00:00:00","date_gmt":"2007-03-02T03:00:00","guid":{"rendered":"https:\/\/crea-mt.org.br\/portal\/premio-mercosul-de-ct-prorroga-inscricoes\/"},"modified":"2007-03-02T00:00:00","modified_gmt":"2007-03-02T03:00:00","slug":"premio-mercosul-de-ct-prorroga-inscricoes","status":"publish","type":"post","link":"https:\/\/www.crea-mt.org.br\/portal\/premio-mercosul-de-ct-prorroga-inscricoes\/","title":{"rendered":"Pr\u00eamio Mercosul de C&amp;T prorroga inscri\u00e7\u00f5es"},"content":{"rendered":"<p>O Pr\u00eamio Mercosul de Ci\u00eancia e Tecnologia 2006 prorrogou o prazo de inscri\u00e7\u00f5es. A premia\u00e7\u00e3o est\u00e1 dividida em tr\u00eas categorias: Jovens Pesquisadores, Integra\u00e7\u00e3o e Inicia\u00e7\u00e3o Cient\u00edfica. Os trabalhos em Inicia\u00e7\u00e3o Cient\u00edfica podem ser enviados at\u00e9 30 de mar\u00e7o. Para as duas outras categorias, a data-limite \u00e9 30 de abril.<\/p>\n<p>A premia\u00e7\u00e3o \u00e9 organizada pela Reuni\u00e3o de Ci\u00eancia e Tecnologia do Mercosul (RECyT) e pela Organiza\u00e7\u00e3o das Na\u00e7\u00f5es Unidas para a Educa\u00e7\u00e3o, Ci\u00eancia e Cultura (Unesco).<\/p>\n<p>A categoria Inicia\u00e7\u00e3o Cient\u00edfica est\u00e1 aberta a estudantes e equipes de alunos do ensino m\u00e9dio que tenham no m\u00e1ximo 21 anos e vai distribuir um pr\u00eamio de US$ 2 mil. Jovens Pesquisadores, para at\u00e9 35 anos de idade, ter\u00e1 US$ 5 mil para ser distribu\u00eddo. A terceira categoria, Integra\u00e7\u00e3o, \u00e9 dirigida a equipes de pesquisa em geral, sem limite de idade. O pr\u00eamio, para esse grupo, ser\u00e1 de US$ 10 mil.<\/p>\n<p>O tema do pr\u00eamio nesta edi\u00e7\u00e3o \u00e9 &#8220;Tecnologias para inclus\u00e3o social&#8221; e pretende incentivar a cria\u00e7\u00e3o, desenvolvimento, adapta\u00e7\u00e3o, utiliza\u00e7\u00e3o, difus\u00e3o ou avalia\u00e7\u00e3o de m\u00e9todos, processos ou produtos voltados para a melhoria da qualidade de vida e para a incorpora\u00e7\u00e3o, na sociedade, de segmentos exclu\u00eddos.<\/p>\n<p>A chamada foi lan\u00e7ada simultaneamente nos pa\u00edses membros e associados do Mercosul (Argentina, Bol\u00edvia, Brasil, Chile, Col\u00f4mbia, Equador, Paraguai, Peru, Uruguai e Venezuela).<\/p>\n<p>Todos os trabalhos que receberem men\u00e7\u00e3o honrosa ser\u00e3o publicados no livro Ci\u00eancia, tecnologia e inclus\u00e3o social para o Mercosul &#8211; Edi\u00e7\u00e3o 2006 do Pr\u00eamio Mercosul de Ci\u00eancia e Tecnologia<\/p>\n<p>Mais informa\u00e7\u00f5es: www1.unesco.org.br\/premiomercosul <\/p>\n<p>Fonte: Ag\u00eancia FAPESP.<\/p>\n","protected":false},"excerpt":{"rendered":"<p>O Pr\u00eamio Mercosul de Ci\u00eancia e Tecnologia 2006 prorrogou o prazo de inscri\u00e7\u00f5es. A premia\u00e7\u00e3o est\u00e1 dividida em tr\u00eas categorias: Jovens Pesquisadores, Integra\u00e7\u00e3o e Inicia\u00e7\u00e3o Cient\u00edfica. Os trabalhos em Inicia\u00e7\u00e3o Cient\u00edfica podem ser enviados at\u00e9 30 de mar\u00e7o. Para as duas outras categorias, a data-limite \u00e9 30 de abril. A premia\u00e7\u00e3o \u00e9 organizada pela Reuni\u00e3o [&hellip;]<\/p>\n","protected":false},"author":1,"featured_media":0,"comment_status":"open","ping_status":"open","sticky":false,"template":"","format":"standard","meta":{"footnotes":""},"categories":[1],"tags":[],"class_list":["post-7131","post","type-post","status-publish","format-standard","hentry","category-noticias"],"acf":[],"_links":{"self":[{"href":"https:\/\/www.crea-mt.org.br\/portal\/wp-json\/wp\/v2\/posts\/7131","targetHints":{"allow":["GET"]}}],"collection":[{"href":"https:\/\/www.crea-mt.org.br\/portal\/wp-json\/wp\/v2\/posts"}],"about":[{"href":"https:\/\/www.crea-mt.org.br\/portal\/wp-json\/wp\/v2\/types\/post"}],"author":[{"embeddable":true,"href":"https:\/\/www.crea-mt.org.br\/portal\/wp-json\/wp\/v2\/users\/1"}],"replies":[{"embeddable":true,"href":"https:\/\/www.crea-mt.org.br\/portal\/wp-json\/wp\/v2\/comments?post=7131"}],"version-history":[{"count":0,"href":"https:\/\/www.crea-mt.org.br\/portal\/wp-json\/wp\/v2\/posts\/7131\/revisions"}],"wp:attachment":[{"href":"https:\/\/www.crea-mt.org.br\/portal\/wp-json\/wp\/v2\/media?parent=7131"}],"wp:term":[{"taxonomy":"category","embeddable":true,"href":"https:\/\/www.crea-mt.org.br\/portal\/wp-json\/wp\/v2\/categories?post=7131"},{"taxonomy":"post_tag","embeddable":true,"href":"https:\/\/www.crea-mt.org.br\/portal\/wp-json\/wp\/v2\/tags?post=7131"}],"curies":[{"name":"wp","href":"https:\/\/api.w.org\/{rel}","templated":true}]}}