{"id":7130,"date":"2007-03-02T00:00:00","date_gmt":"2007-03-02T03:00:00","guid":{"rendered":"https:\/\/crea-mt.org.br\/portal\/onu-quer-parceria-para-apoiar-refugiados-no-amazonas\/"},"modified":"2007-03-02T00:00:00","modified_gmt":"2007-03-02T03:00:00","slug":"onu-quer-parceria-para-apoiar-refugiados-no-amazonas","status":"publish","type":"post","link":"https:\/\/www.crea-mt.org.br\/portal\/onu-quer-parceria-para-apoiar-refugiados-no-amazonas\/","title":{"rendered":"ONU quer parceria para apoiar refugiados no Amazonas"},"content":{"rendered":"<p>Tr\u00eas representantes do Alto Comissariado das Na\u00e7\u00f5es Unidas para os Refugiados (ACNUR) ofereceram ontem, em reuni\u00e3o com o secret\u00e1rio de Direitos Humanos da prefeitura de Manaus, Jorge Guimar\u00e3es, parceria para apoiar os refugiados, especialmente colombianos e bolivianos, que vivem na cidade.  O ACNUR quer, at\u00e9 o fim deste ano, realizar uma pesquisa para levantar o n\u00famero de refugiados que chegam ao Amazonas.<\/p>\n<p>Fonte: O Estado de S.Paulo<\/p>\n","protected":false},"excerpt":{"rendered":"<p>Tr\u00eas representantes do Alto Comissariado das Na\u00e7\u00f5es Unidas para os Refugiados (ACNUR) ofereceram ontem, em reuni\u00e3o com o secret\u00e1rio de Direitos Humanos da prefeitura de Manaus, Jorge Guimar\u00e3es, parceria para apoiar os refugiados, especialmente colombianos e bolivianos, que vivem na cidade. O ACNUR quer, at\u00e9 o fim deste ano, realizar uma pesquisa para levantar o [&hellip;]<\/p>\n","protected":false},"author":1,"featured_media":0,"comment_status":"open","ping_status":"open","sticky":false,"template":"","format":"standard","meta":{"footnotes":""},"categories":[1],"tags":[],"class_list":["post-7130","post","type-post","status-publish","format-standard","hentry","category-noticias"],"acf":[],"_links":{"self":[{"href":"https:\/\/www.crea-mt.org.br\/portal\/wp-json\/wp\/v2\/posts\/7130","targetHints":{"allow":["GET"]}}],"collection":[{"href":"https:\/\/www.crea-mt.org.br\/portal\/wp-json\/wp\/v2\/posts"}],"about":[{"href":"https:\/\/www.crea-mt.org.br\/portal\/wp-json\/wp\/v2\/types\/post"}],"author":[{"embeddable":true,"href":"https:\/\/www.crea-mt.org.br\/portal\/wp-json\/wp\/v2\/users\/1"}],"replies":[{"embeddable":true,"href":"https:\/\/www.crea-mt.org.br\/portal\/wp-json\/wp\/v2\/comments?post=7130"}],"version-history":[{"count":0,"href":"https:\/\/www.crea-mt.org.br\/portal\/wp-json\/wp\/v2\/posts\/7130\/revisions"}],"wp:attachment":[{"href":"https:\/\/www.crea-mt.org.br\/portal\/wp-json\/wp\/v2\/media?parent=7130"}],"wp:term":[{"taxonomy":"category","embeddable":true,"href":"https:\/\/www.crea-mt.org.br\/portal\/wp-json\/wp\/v2\/categories?post=7130"},{"taxonomy":"post_tag","embeddable":true,"href":"https:\/\/www.crea-mt.org.br\/portal\/wp-json\/wp\/v2\/tags?post=7130"}],"curies":[{"name":"wp","href":"https:\/\/api.w.org\/{rel}","templated":true}]}}