{"id":7129,"date":"2007-03-02T00:00:00","date_gmt":"2007-03-02T03:00:00","guid":{"rendered":"https:\/\/crea-mt.org.br\/portal\/incendio-comeca-a-atingir-area-yanomami\/"},"modified":"2007-03-02T00:00:00","modified_gmt":"2007-03-02T03:00:00","slug":"incendio-comeca-a-atingir-area-yanomami","status":"publish","type":"post","link":"https:\/\/www.crea-mt.org.br\/portal\/incendio-comeca-a-atingir-area-yanomami\/","title":{"rendered":"Inc\u00eandio come\u00e7a a atingir \u00e1rea yanomami"},"content":{"rendered":"<p>T\u00e9cnicos da Funda\u00e7\u00e3o Estadual de Meio Ambiente, Ci\u00eancia e Tecnologia (Femact) identificaram ontem durante sobrev\u00f4o um grande inc\u00eandio na regi\u00e3o de Campos Novos, Munic\u00edpio de Iracema, que avan\u00e7a para \u00e1reas das comunidades ind\u00edgenas localizadas na reserva yanomami, pr\u00f3ximo daquela regi\u00e3o.<\/p>\n<p>O chefe da Divis\u00e3o de Fiscaliza\u00e7\u00e3o da Femact, F\u00e1bio Machado, disse que o fogo est\u00e1 intenso, n\u00e3o sendo mais passivo de controle.  &#8220;Conseguimos ter uma vis\u00e3o do Munic\u00edpio de Iracema e da regi\u00e3o de Campos Novos, ap\u00f3s obtermos a informa\u00e7\u00e3o da realiza\u00e7\u00e3o de algumas queimadas sem autoriza\u00e7\u00e3o.  Apesar do monitoramento, a equipe constatou que o inc\u00eandio est\u00e1 fora de controle.  No domingo a fiscaliza\u00e7\u00e3o estava no local, mas at\u00e9 os t\u00e9cnicos n\u00e3o sabem como o fogo iniciou&#8221;.<\/p>\n<p>Machado alerta os produtores para que n\u00e3o realizem queimadas neste per\u00edodo, pois est\u00e1 muito seco, e a falta de acompanhamento de um grupo especializado pode causar grandes estragos como o que est\u00e1 ocorrendo na regi\u00e3o.  O t\u00e9cnico n\u00e3o descartou a possibilidade de um novo inc\u00eandio como o ocorrido em 1998.<\/p>\n<p>&#8220;O fogo est\u00e1 se alastrando de Campos Novos para Apia\u00fa, partindo para \u00e1rea yanomami.  Se n\u00e3o houver cuidado, como n\u00e3o existe previs\u00e3o de chuva, pode ocorrer outro grande inc\u00eandio como em 98&#8221;, frisou.<\/p>\n<p>Mesmo estando na \u00e1rea, os bombeiros n\u00e3o est\u00e3o combatendo o inc\u00eandio florestal por falta de efetivo.  Apenas os inc\u00eandios gerados com queimadas de derrubadas realizadas por agricultores s\u00e3o monitorados, pelo fato de os bombeiros n\u00e3o estarem em estado de emerg\u00eancia, mas de alerta total.<\/p>\n<p>No caso espec\u00edfico de Campos Novos, os soldados est\u00e3o atendendo os colonos, buscando evitar que o inc\u00eandio chegue aos s\u00edtios.  &#8220;Apesar de todo o trabalho que estamos realizando, j\u00e1 queimaram bananal, mandioca e macaxeira.  O preju\u00edzo est\u00e1 sendo enorme para colonos de seis vicinais que j\u00e1 foram atingidas pelo fogo&#8221;, acrescentou.<\/p>\n<p>A a\u00e7\u00e3o de fiscaliza\u00e7\u00e3o est\u00e1 sendo coordenada pela diretoria de monitoramento e controle ambiental.  O diretor Alziro Messa esclareceu que a Femact continuar\u00e1 realizando o trabalho de preven\u00e7\u00e3o e acompanhamento das queimadas na regi\u00e3o.  &#8220;Vamos continuar fazendo monitoramento e fiscaliza\u00e7\u00e3o para tentar saber quem est\u00e1 tocando fogo nessa \u00e9poca, onde as queimadas est\u00e3o proibidas.  Se os autores dessas queimas ilegais forem pegos v\u00e3o sofrer as san\u00e7\u00f5es pass\u00edveis em lei&#8221;, frisou.  A pena para quem for pego fazendo queimada \u00e9 de deten\u00e7\u00e3o de 6 meses a 2 anos, mais multa que varia de R$ 1.000,00 a R$ 50 mil por hectare.<\/p>\n<p>Somente nos dois primeiros meses do ano, mais de 400 ocorr\u00eancias de inc\u00eandios e queimadas em Roraima foram registradas.  No m\u00eas de janeiro foram 180 e, em fevereiro, 130 queimadas, numa m\u00e9dia de 4,6% ao dia.  Na zona rural, foram quase 100 ocorr\u00eancias de inc\u00eandios de pequeno e m\u00e9dio porte nas localidades rurais pr\u00f3ximas a Boa Vista.<\/p>\n<p>Fonte: Folha de Boa Vista.<\/p>\n","protected":false},"excerpt":{"rendered":"<p>T\u00e9cnicos da Funda\u00e7\u00e3o Estadual de Meio Ambiente, Ci\u00eancia e Tecnologia (Femact) identificaram ontem durante sobrev\u00f4o um grande inc\u00eandio na regi\u00e3o de Campos Novos, Munic\u00edpio de Iracema, que avan\u00e7a para \u00e1reas das comunidades ind\u00edgenas localizadas na reserva yanomami, pr\u00f3ximo daquela regi\u00e3o. O chefe da Divis\u00e3o de Fiscaliza\u00e7\u00e3o da Femact, F\u00e1bio Machado, disse que o fogo est\u00e1 [&hellip;]<\/p>\n","protected":false},"author":1,"featured_media":0,"comment_status":"open","ping_status":"open","sticky":false,"template":"","format":"standard","meta":{"footnotes":""},"categories":[1],"tags":[],"class_list":["post-7129","post","type-post","status-publish","format-standard","hentry","category-noticias"],"acf":[],"_links":{"self":[{"href":"https:\/\/www.crea-mt.org.br\/portal\/wp-json\/wp\/v2\/posts\/7129","targetHints":{"allow":["GET"]}}],"collection":[{"href":"https:\/\/www.crea-mt.org.br\/portal\/wp-json\/wp\/v2\/posts"}],"about":[{"href":"https:\/\/www.crea-mt.org.br\/portal\/wp-json\/wp\/v2\/types\/post"}],"author":[{"embeddable":true,"href":"https:\/\/www.crea-mt.org.br\/portal\/wp-json\/wp\/v2\/users\/1"}],"replies":[{"embeddable":true,"href":"https:\/\/www.crea-mt.org.br\/portal\/wp-json\/wp\/v2\/comments?post=7129"}],"version-history":[{"count":0,"href":"https:\/\/www.crea-mt.org.br\/portal\/wp-json\/wp\/v2\/posts\/7129\/revisions"}],"wp:attachment":[{"href":"https:\/\/www.crea-mt.org.br\/portal\/wp-json\/wp\/v2\/media?parent=7129"}],"wp:term":[{"taxonomy":"category","embeddable":true,"href":"https:\/\/www.crea-mt.org.br\/portal\/wp-json\/wp\/v2\/categories?post=7129"},{"taxonomy":"post_tag","embeddable":true,"href":"https:\/\/www.crea-mt.org.br\/portal\/wp-json\/wp\/v2\/tags?post=7129"}],"curies":[{"name":"wp","href":"https:\/\/api.w.org\/{rel}","templated":true}]}}