{"id":7128,"date":"2007-03-02T00:00:00","date_gmt":"2007-03-02T03:00:00","guid":{"rendered":"https:\/\/crea-mt.org.br\/portal\/confirmada-para-junho-11-edicao-da-expomutum\/"},"modified":"2007-03-02T00:00:00","modified_gmt":"2007-03-02T03:00:00","slug":"confirmada-para-junho-11-edicao-da-expomutum","status":"publish","type":"post","link":"https:\/\/www.crea-mt.org.br\/portal\/confirmada-para-junho-11-edicao-da-expomutum\/","title":{"rendered":"Confirmada para junho 11 edi\u00e7\u00e3o da Expomutum"},"content":{"rendered":"<p>Est\u00e1 confirmada para os dias 14 a 17 de junho a 11 Expomutum Exposi\u00e7\u00e3o Agropecu\u00e1ria, Industrial e Comercial de Nova Mutum. Depois do cancelamento da feira no ano passado, organizadores j\u00e1 est\u00e3o definindo as atra\u00e7\u00f5es para este ano, visando resgatar o sucesso da feira.<\/p>\n<p>O presidente C\u00e9sar Martins disse, ao S\u00f3 Not\u00edcias, que na programa\u00e7\u00e3o est\u00e3o confirmados shows, o rodeio e o sorteio de pr\u00eamios para quem adquirir a cartela. &#8220;Em 2006 cancelamos em fun\u00e7\u00e3o dos movimentos dos produtores e da crise, mas as expectativas para este ano s\u00e3o melhores. Alguns patrocinadores oficiais j\u00e1 est\u00e3o se posicionando para serem parceiros&#8221;, destacou.<\/p>\n<p>Tamb\u00e9m est\u00e1 sendo definido o ciclo de palestras, que todos os anos re\u00fane muitos produtores e empres\u00e1rios da regi\u00e3o. &#8220;J\u00e1 conversamos com a Secretaria de Ind\u00fastria e Com\u00e9rcio, e a CDL, para que definam que tipo de palestras h\u00e1 necessidade&#8221;, acrescentou o presidente.<\/p>\n<p>Na \u00faltima edi\u00e7\u00e3o, em 2005, a feira reuniu cerca de 5 mil pessoas por noite. Al\u00e9m de entretenimento, muitos buscam oportunidades de neg\u00f3cios nos segmentos comercial, industrial e pecu\u00e1rio, que aproveitam para expor seus produtos. Martins acrescentou que a coordena\u00e7\u00e3o da festa pode ser transferida para a Acrimutum &#8211; Associa\u00e7\u00e3o dos Criados de Nova Mutum -, a exemplo de outros munic\u00edpios. As conversa\u00e7\u00f5es est\u00e3o em andamento.<\/p>\n<p>Fonte: AgroNot\u00edcias<\/p>\n","protected":false},"excerpt":{"rendered":"<p>Est\u00e1 confirmada para os dias 14 a 17 de junho a 11 Expomutum Exposi\u00e7\u00e3o Agropecu\u00e1ria, Industrial e Comercial de Nova Mutum. Depois do cancelamento da feira no ano passado, organizadores j\u00e1 est\u00e3o definindo as atra\u00e7\u00f5es para este ano, visando resgatar o sucesso da feira. O presidente C\u00e9sar Martins disse, ao S\u00f3 Not\u00edcias, que na programa\u00e7\u00e3o [&hellip;]<\/p>\n","protected":false},"author":1,"featured_media":0,"comment_status":"open","ping_status":"open","sticky":false,"template":"","format":"standard","meta":{"footnotes":""},"categories":[1],"tags":[],"class_list":["post-7128","post","type-post","status-publish","format-standard","hentry","category-noticias"],"acf":[],"_links":{"self":[{"href":"https:\/\/www.crea-mt.org.br\/portal\/wp-json\/wp\/v2\/posts\/7128","targetHints":{"allow":["GET"]}}],"collection":[{"href":"https:\/\/www.crea-mt.org.br\/portal\/wp-json\/wp\/v2\/posts"}],"about":[{"href":"https:\/\/www.crea-mt.org.br\/portal\/wp-json\/wp\/v2\/types\/post"}],"author":[{"embeddable":true,"href":"https:\/\/www.crea-mt.org.br\/portal\/wp-json\/wp\/v2\/users\/1"}],"replies":[{"embeddable":true,"href":"https:\/\/www.crea-mt.org.br\/portal\/wp-json\/wp\/v2\/comments?post=7128"}],"version-history":[{"count":0,"href":"https:\/\/www.crea-mt.org.br\/portal\/wp-json\/wp\/v2\/posts\/7128\/revisions"}],"wp:attachment":[{"href":"https:\/\/www.crea-mt.org.br\/portal\/wp-json\/wp\/v2\/media?parent=7128"}],"wp:term":[{"taxonomy":"category","embeddable":true,"href":"https:\/\/www.crea-mt.org.br\/portal\/wp-json\/wp\/v2\/categories?post=7128"},{"taxonomy":"post_tag","embeddable":true,"href":"https:\/\/www.crea-mt.org.br\/portal\/wp-json\/wp\/v2\/tags?post=7128"}],"curies":[{"name":"wp","href":"https:\/\/api.w.org\/{rel}","templated":true}]}}