{"id":7127,"date":"2007-03-02T00:00:00","date_gmt":"2007-03-02T03:00:00","guid":{"rendered":"https:\/\/crea-mt.org.br\/portal\/seminario-internacional-de-soja-recurso-renovavel-para-usos-industriais-nao-alimentares\/"},"modified":"2007-03-02T00:00:00","modified_gmt":"2007-03-02T03:00:00","slug":"seminario-internacional-de-soja-recurso-renovavel-para-usos-industriais-nao-alimentares","status":"publish","type":"post","link":"https:\/\/www.crea-mt.org.br\/portal\/seminario-internacional-de-soja-recurso-renovavel-para-usos-industriais-nao-alimentares\/","title":{"rendered":"Semin\u00e1rio Internacional de Soja: recurso renov\u00e1vel para usos industriais n\u00e3o alimentares"},"content":{"rendered":"<p>O Semin\u00e1rio Internacional de Soja: recurso renov\u00e1vel para usos industriais n\u00e3o alimentares, que ser\u00e1 realizado nos dias 11 e 12 de abril, no Rio de Janeiro, abordar\u00e1 formas alternativas de utiliza\u00e7\u00e3o do \u00f3leo de soja como ve\u00edculo fluido na composi\u00e7\u00e3o de tintas e pigmentos.<\/p>\n<p>&#8220;Nanotecnologia aplicada a produtos industriais&#8221;, &#8220;Usos de \u00f3leo de soja em lubrificantes industriais&#8221;, &#8220;Pol\u00edmeros de prote\u00edna de soja para adesivos e revestimentos&#8221;, &#8220;Farelo de soja: um produto de baixo custo para aplica\u00e7\u00f5es de alto valor&#8221; e &#8220;Pol\u00edmeros e comp\u00f3sitos de \u00f3leo de soja&#8221; ser\u00e3o alguns assuntos em pauta no evento.<\/p>\n<p>A promo\u00e7\u00e3o \u00e9 da Embrapa Soja, unidade da Empresa Brasileira da Pesquisa Agropecu\u00e1ria, em Londrina (PR).<\/p>\n<p>Mais informa\u00e7\u00f5es: www.cnpso.embrapa.br\/soja2007. <\/p>\n<p>Fonte: Ag\u00eancia FAPESP.<\/p>\n","protected":false},"excerpt":{"rendered":"<p>O Semin\u00e1rio Internacional de Soja: recurso renov\u00e1vel para usos industriais n\u00e3o alimentares, que ser\u00e1 realizado nos dias 11 e 12 de abril, no Rio de Janeiro, abordar\u00e1 formas alternativas de utiliza\u00e7\u00e3o do \u00f3leo de soja como ve\u00edculo fluido na composi\u00e7\u00e3o de tintas e pigmentos. &#8220;Nanotecnologia aplicada a produtos industriais&#8221;, &#8220;Usos de \u00f3leo de soja em [&hellip;]<\/p>\n","protected":false},"author":1,"featured_media":0,"comment_status":"open","ping_status":"open","sticky":false,"template":"","format":"standard","meta":{"footnotes":""},"categories":[1],"tags":[],"class_list":["post-7127","post","type-post","status-publish","format-standard","hentry","category-noticias"],"acf":[],"_links":{"self":[{"href":"https:\/\/www.crea-mt.org.br\/portal\/wp-json\/wp\/v2\/posts\/7127","targetHints":{"allow":["GET"]}}],"collection":[{"href":"https:\/\/www.crea-mt.org.br\/portal\/wp-json\/wp\/v2\/posts"}],"about":[{"href":"https:\/\/www.crea-mt.org.br\/portal\/wp-json\/wp\/v2\/types\/post"}],"author":[{"embeddable":true,"href":"https:\/\/www.crea-mt.org.br\/portal\/wp-json\/wp\/v2\/users\/1"}],"replies":[{"embeddable":true,"href":"https:\/\/www.crea-mt.org.br\/portal\/wp-json\/wp\/v2\/comments?post=7127"}],"version-history":[{"count":0,"href":"https:\/\/www.crea-mt.org.br\/portal\/wp-json\/wp\/v2\/posts\/7127\/revisions"}],"wp:attachment":[{"href":"https:\/\/www.crea-mt.org.br\/portal\/wp-json\/wp\/v2\/media?parent=7127"}],"wp:term":[{"taxonomy":"category","embeddable":true,"href":"https:\/\/www.crea-mt.org.br\/portal\/wp-json\/wp\/v2\/categories?post=7127"},{"taxonomy":"post_tag","embeddable":true,"href":"https:\/\/www.crea-mt.org.br\/portal\/wp-json\/wp\/v2\/tags?post=7127"}],"curies":[{"name":"wp","href":"https:\/\/api.w.org\/{rel}","templated":true}]}}