{"id":7124,"date":"2007-03-05T00:00:00","date_gmt":"2007-03-05T03:00:00","guid":{"rendered":"https:\/\/crea-mt.org.br\/portal\/ciclo-de-palestras-sobre-supercondutividade-aplicada\/"},"modified":"2007-03-05T00:00:00","modified_gmt":"2007-03-05T03:00:00","slug":"ciclo-de-palestras-sobre-supercondutividade-aplicada","status":"publish","type":"post","link":"https:\/\/www.crea-mt.org.br\/portal\/ciclo-de-palestras-sobre-supercondutividade-aplicada\/","title":{"rendered":"Ciclo de Palestras sobre Supercondutividade Aplicada"},"content":{"rendered":"<p>Divulgar as aplica\u00e7\u00f5es e os avan\u00e7os tecnol\u00f3gicos que a supercondutividade, descoberta h\u00e1 quase 100 anos, tem tornado poss\u00edvel em diversas \u00e1reas do conhecimento que utilizam campos magn\u00e9ticos.<\/p>\n<p>Essa \u00e9 a proposta do Ciclo de Palestras sobre Supercondutividade Aplicada, que ser\u00e1 realizado de 5 a 12 de mar\u00e7o, nas cidades de Campinas, S\u00e3o Paulo, Lorena e Rio de Janeiro. O evento tem promo\u00e7\u00e3o da Escola de Engenharia de Lorena (EEL) da Universidade de S\u00e3o Paulo (USP).<\/p>\n<p>Aplica\u00e7\u00f5es de materiais supercondutores em larga escala para gera\u00e7\u00e3o de campo magn\u00e9tico intenso, pesquisas em fus\u00e3o nuclear e aplica\u00e7\u00f5es m\u00e9dicas ser\u00e3o os principais temas em discuss\u00e3o.<\/p>\n<p>Mais informa\u00e7\u00f5es: www.eel.usp.br.<\/p>\n<p>Fonte: Ag\u00eancia FAPESP.<\/p>\n","protected":false},"excerpt":{"rendered":"<p>Divulgar as aplica\u00e7\u00f5es e os avan\u00e7os tecnol\u00f3gicos que a supercondutividade, descoberta h\u00e1 quase 100 anos, tem tornado poss\u00edvel em diversas \u00e1reas do conhecimento que utilizam campos magn\u00e9ticos. Essa \u00e9 a proposta do Ciclo de Palestras sobre Supercondutividade Aplicada, que ser\u00e1 realizado de 5 a 12 de mar\u00e7o, nas cidades de Campinas, S\u00e3o Paulo, Lorena e [&hellip;]<\/p>\n","protected":false},"author":1,"featured_media":0,"comment_status":"open","ping_status":"open","sticky":false,"template":"","format":"standard","meta":{"footnotes":""},"categories":[1],"tags":[],"class_list":["post-7124","post","type-post","status-publish","format-standard","hentry","category-noticias"],"acf":[],"_links":{"self":[{"href":"https:\/\/www.crea-mt.org.br\/portal\/wp-json\/wp\/v2\/posts\/7124","targetHints":{"allow":["GET"]}}],"collection":[{"href":"https:\/\/www.crea-mt.org.br\/portal\/wp-json\/wp\/v2\/posts"}],"about":[{"href":"https:\/\/www.crea-mt.org.br\/portal\/wp-json\/wp\/v2\/types\/post"}],"author":[{"embeddable":true,"href":"https:\/\/www.crea-mt.org.br\/portal\/wp-json\/wp\/v2\/users\/1"}],"replies":[{"embeddable":true,"href":"https:\/\/www.crea-mt.org.br\/portal\/wp-json\/wp\/v2\/comments?post=7124"}],"version-history":[{"count":0,"href":"https:\/\/www.crea-mt.org.br\/portal\/wp-json\/wp\/v2\/posts\/7124\/revisions"}],"wp:attachment":[{"href":"https:\/\/www.crea-mt.org.br\/portal\/wp-json\/wp\/v2\/media?parent=7124"}],"wp:term":[{"taxonomy":"category","embeddable":true,"href":"https:\/\/www.crea-mt.org.br\/portal\/wp-json\/wp\/v2\/categories?post=7124"},{"taxonomy":"post_tag","embeddable":true,"href":"https:\/\/www.crea-mt.org.br\/portal\/wp-json\/wp\/v2\/tags?post=7124"}],"curies":[{"name":"wp","href":"https:\/\/api.w.org\/{rel}","templated":true}]}}