{"id":7121,"date":"2007-03-05T00:00:00","date_gmt":"2007-03-05T03:00:00","guid":{"rendered":"https:\/\/crea-mt.org.br\/portal\/seminario-sobre-aquecimento-global-acontece-no-nordeste\/"},"modified":"2007-03-05T00:00:00","modified_gmt":"2007-03-05T03:00:00","slug":"seminario-sobre-aquecimento-global-acontece-no-nordeste","status":"publish","type":"post","link":"https:\/\/www.crea-mt.org.br\/portal\/seminario-sobre-aquecimento-global-acontece-no-nordeste\/","title":{"rendered":"Semin\u00e1rio sobre aquecimento global acontece no Nordeste"},"content":{"rendered":"<p>O Minist\u00e9rio do Meio Ambiente (MMA) apresentou os resultados de oito projetos preliminares de pesquisa sobre Mudan\u00e7as Clim\u00e1ticas e seus Efeitos sobre a Biodiversidade Brasileira. Desenvolvidas de 2004 a 2006, as pesquisas foram selecionadas pelo MMA por meio de cartas-consulta. Analisaram o perfil evolutivo do clima no Pa\u00eds e desenharam poss\u00edveis cen\u00e1rios do clima nos pr\u00f3ximos 100 anos (de 2010 a 2100).<\/p>\n<p>Conforme o Minist\u00e9rio fez quest\u00e3o de real\u00e7ar, a s\u00e9rie de estudos foi encomendada  muito antes da divulga\u00e7\u00e3o do relat\u00f3rio do International Panel on Climate Change (IPCC), em fevereiro, na cidade de Paris, o que denotaria uma estrat\u00e9gia governamental de se antecipar aos problemas.<\/p>\n<p>&#8220;O governo poder\u00e1 dar continuidade \u00e0 estrutura\u00e7\u00e3o de pol\u00edticas p\u00fablicas adequadas (al\u00e9m das que est\u00e3o em curso, como a utiliza\u00e7\u00e3o de combust\u00edveis renov\u00e1veis) para enfrentar o problema do aquecimento global e seus m\u00faltiplos efeitos sobre a biodiversidade, a sa\u00fade, a agricultura e a economia&#8221;, diz o material de divulga\u00e7\u00e3o do MMA.<\/p>\n<p>Entre os oito estudos apresentados, &#8220;Mudan\u00e7as Clim\u00e1ticas e seus Efeitos sobre a Biodiversidade Brasileira&#8221;, executado pelo Centro de Previs\u00e3o de Tempo e Estudos Clim\u00e1ticos (CPTEC)\/Instituto Nacional de Pesquisas Espaciais (Inpe), sob coordena\u00e7\u00e3o do professor Jos\u00e9 Marengo, revelou que o semi-\u00e1rido do Nordeste \u00e9 a regi\u00e3o brasileira onde a popula\u00e7\u00e3o \u00e9 mais sens\u00edvel \u00e0 mudan\u00e7a de clima.<\/p>\n<p>Simula\u00e7\u00f5es do balan\u00e7o h\u00eddrico nas regi\u00f5es do Brasil sugerem, no cen\u00e1rio de maiores emiss\u00f5es de gases de efeito estufa, tend\u00eancia de extens\u00e3o da defici\u00eancia h\u00eddrica (estiagem) por praticamente todo o ano no Nordeste, apontando para maior &#8220;aridiza\u00e7\u00e3o&#8221; da regi\u00e3o semi-\u00e1rida at\u00e9 final do S\u00e9culo XXI.<\/p>\n<p>Num cen\u00e1rio pessimista, o estudo exp\u00f5e que o Nordeste se transformaria de semi\u00e1rido em \u00e1rido at\u00e9 finais do s\u00e9culo XXI. O balan\u00e7o h\u00eddrico realizado com as m\u00e9dias dos valores dos modelos n\u00e3o chega a este extremo, mas sugere que a esta\u00e7\u00e3o chuvosa seria mais fraca e os d\u00e9ficits de umidade no solo seriam maiores no futuro.<\/p>\n<p>Acesso \u00e0 \u00e1gua &#8211; As mudan\u00e7as clim\u00e1ticas amea\u00e7am intensificar as dificuldades de acesso \u00e0 \u00e1gua. A combina\u00e7\u00e3o das altera\u00e7\u00f5es do clima, escassez de chuva associada a altas temperaturas e altas taxas de evapora\u00e7\u00e3o, pode levar a uma crise nos recursos h\u00eddricos. Os mais vulner\u00e1veis seriam os agricultores pobres de subsist\u00eancia na \u00e1rea do semi-\u00e1rido do Nordeste (pol\u00edgono da seca), regi\u00e3o semi-\u00e1rida de 940 mil km2 que abrange nove estados do Nordeste e que j\u00e1 enfrenta problema cr\u00f4nico de falta de \u00e1gua.<\/p>\n<p>Nesse contexto, torna-se ainda mais proveitosa a realiza\u00e7\u00e3o, no Nordeste, de um grande evento com foco nos desafios criados pelo aquecimento global. Trata-se do I Semin\u00e1rio Brasileiro Sobre Seq\u00fcestro de Carbono e Mudan\u00e7as Clim\u00e1ticas, que acontecer\u00e1 nos pr\u00f3ximos dias 10 e 11 de abril, em Natal (RN), no Hotel Blue Tree Pir\u00e2mide, localizado \u00e0 beira-mar, na famosa Via Costeira, a 3 km do centro da cidade e a 25 km do Aeroporto Internacional de Natal Augusto Severo.<\/p>\n<p>&#8220;Al\u00e9m do Nordeste ser uma das regi\u00f5es mais afetadas, a proposta de realizarmos estes debates l\u00e1 foi para viabilizar um maior acesso do p\u00fablico local, j\u00e1 que, geralmente, os eventos de alto n\u00edvel acontecem no Sudeste e no Sul&#8221;, diz Marco Aur\u00e9lio Ziliotto, presidente do Instituto Ecoplan, ONG promotora do I Semin\u00e1rio Brasileiro Sobre Seq\u00fcestro de Carbono e Mudan\u00e7as Clim\u00e1ticas, com apoio do portal AmbienteBrasil.  <\/p>\n<p>&#8220;Pesou tamb\u00e9m a perspectiva do desenvolvimento de projetos cujo potencial \u00e9 muito grande na regi\u00e3o, como os que envolvem biocombust\u00edveis e aterros sanit\u00e1rios&#8221;, completa.  <\/p>\n<p>O semin\u00e1rio vai reunir um elenco de palestrantes de alto n\u00edvel, a exemplo de Thelma Krug, do Instituto Interamericano para Pesquisas e Mudan\u00e7as Globais \/ Instituto Nacional de Pesquisas Espacias &#8211; INPE (IAI \/ INPE); Marcelo Theoto Rocha, da USP; Roberto Schaeffer, da UFRJ, e Paulo Cunha, do Centro de Pesquisas &#8211; Cenpes &#8211; da Petrobr\u00e1s.<\/p>\n<p>Al\u00e9m das confer\u00eancias, seis mini-cursos ser\u00e3o ministrados no evento, com os seguintes temas &#8211; Redu\u00e7\u00e3o das emiss\u00f5es de gases de efeito estufa por seq\u00fcestro geol\u00f3gico de CO2;  Mercado de Carbono;  Educa\u00e7\u00e3o para Mudan\u00e7as Clim\u00e1ticas;  Quantifica\u00e7\u00e3o de Carbono na biomassa; Captura de CO2 e Produ\u00e7\u00e3o de Microalgas para Biocombust\u00edveis.<\/p>\n<p>Fonte: AmbienteBrasil.<\/p>\n","protected":false},"excerpt":{"rendered":"<p>O Minist\u00e9rio do Meio Ambiente (MMA) apresentou os resultados de oito projetos preliminares de pesquisa sobre Mudan\u00e7as Clim\u00e1ticas e seus Efeitos sobre a Biodiversidade Brasileira. Desenvolvidas de 2004 a 2006, as pesquisas foram selecionadas pelo MMA por meio de cartas-consulta. Analisaram o perfil evolutivo do clima no Pa\u00eds e desenharam poss\u00edveis cen\u00e1rios do clima nos [&hellip;]<\/p>\n","protected":false},"author":1,"featured_media":0,"comment_status":"open","ping_status":"open","sticky":false,"template":"","format":"standard","meta":{"footnotes":""},"categories":[1],"tags":[],"class_list":["post-7121","post","type-post","status-publish","format-standard","hentry","category-noticias"],"acf":[],"_links":{"self":[{"href":"https:\/\/www.crea-mt.org.br\/portal\/wp-json\/wp\/v2\/posts\/7121","targetHints":{"allow":["GET"]}}],"collection":[{"href":"https:\/\/www.crea-mt.org.br\/portal\/wp-json\/wp\/v2\/posts"}],"about":[{"href":"https:\/\/www.crea-mt.org.br\/portal\/wp-json\/wp\/v2\/types\/post"}],"author":[{"embeddable":true,"href":"https:\/\/www.crea-mt.org.br\/portal\/wp-json\/wp\/v2\/users\/1"}],"replies":[{"embeddable":true,"href":"https:\/\/www.crea-mt.org.br\/portal\/wp-json\/wp\/v2\/comments?post=7121"}],"version-history":[{"count":0,"href":"https:\/\/www.crea-mt.org.br\/portal\/wp-json\/wp\/v2\/posts\/7121\/revisions"}],"wp:attachment":[{"href":"https:\/\/www.crea-mt.org.br\/portal\/wp-json\/wp\/v2\/media?parent=7121"}],"wp:term":[{"taxonomy":"category","embeddable":true,"href":"https:\/\/www.crea-mt.org.br\/portal\/wp-json\/wp\/v2\/categories?post=7121"},{"taxonomy":"post_tag","embeddable":true,"href":"https:\/\/www.crea-mt.org.br\/portal\/wp-json\/wp\/v2\/tags?post=7121"}],"curies":[{"name":"wp","href":"https:\/\/api.w.org\/{rel}","templated":true}]}}