{"id":7120,"date":"2007-03-05T00:00:00","date_gmt":"2007-03-05T03:00:00","guid":{"rendered":"https:\/\/crea-mt.org.br\/portal\/baterias-de-celulares-residuo-problematico-dos-confortos-da-vida-moderna\/"},"modified":"2007-03-05T00:00:00","modified_gmt":"2007-03-05T03:00:00","slug":"baterias-de-celulares-residuo-problematico-dos-confortos-da-vida-moderna","status":"publish","type":"post","link":"https:\/\/www.crea-mt.org.br\/portal\/baterias-de-celulares-residuo-problematico-dos-confortos-da-vida-moderna\/","title":{"rendered":"Baterias de celulares: res\u00edduo problem\u00e1tico dos confortos da vida moderna"},"content":{"rendered":"<p>No dia 21 passado, a Ag\u00eancia Nacional de Telecomunica\u00e7\u00f5es &#8211; Anatel -informava que o Brasil superou a marca de 100 milh\u00f5es de telefones celulares em opera\u00e7\u00e3o. Hoje espalham-se pelo pa\u00eds 100.717.141 assinantes do Servi\u00e7o M\u00f3vel Pessoal (SMP), com 80,58% de aparelhos pr\u00e9-pagos e 19,42% com planos de conta ao final do m\u00eas.<\/p>\n<p>Segundo a Anatel, de 1997 at\u00e9 agora, a telefonia m\u00f3vel cresceu 22 vezes. Enquanto a Ind\u00fastria do setor obviamente festeja e pais presenteiam celulares a filhos que mal deixaram as fraldas, a expans\u00e3o no uso deste artefato tecnol\u00f3gico gera mais um problema ambiental, entre tantos outros j\u00e1 verificados no Brasil: o descarte das pilhas e baterias dos aparelhos.<\/p>\n<p>Conforme dados compilados do trabalho &#8220;Pilhas e Baterias: o Lixo T\u00f3xico dentro de casa&#8221;, desenvolvido pelo Departamento de Meio Ambiente da Associa\u00e7\u00e3o Regional de Engenheiros e Arquitetos da Regi\u00e3o de Tubar\u00e3o (SC), sob condu\u00e7\u00e3o do engenheiro Rog\u00e9rio Bardini, s\u00e3o metais pesados encontrados nas baterias de celulares: Merc\u00fario, C\u00e1dmio, Chumbo, L\u00edtio, N\u00edquel,  Zinco, Cobalto e compostos e Bi\u00f3xido de Mangan\u00eas.<\/p>\n<p>O trabalho, publicado no portal Reciclar \u00e9 preciso, mostra ainda que, enquanto o tempo de degrada\u00e7\u00e3o das pilhas varia entre 100 e 500 anos, o dos metais pesados \u00e9 infinito (confira seus potenciais efeitos sobre a sa\u00fade humana no final da mat\u00e9ria).<\/p>\n<p>Nos lix\u00f5es ou aterros sanit\u00e1rios, expostas ao sol e \u00e0 chuva, as pilhas se oxidam e se rompem; os metais pesados atingem os len\u00e7\u00f3is fre\u00e1ticos, c\u00f3rregos e riachos. Entram nas cadeias alimentares atrav\u00e9s da ingest\u00e3o da \u00e1gua ou de produtos agr\u00edcolas irrigados com \u00e1gua contaminada.<\/p>\n<p>A recomenda\u00e7\u00e3o dos especialistas, portanto, \u00e9 que o consumidor leve a bateria usada de seu celular para um posto de venda de qualquer fabricante ou operadora, onde o material &#8211; ao menos em tese &#8211; ser\u00e1 encaminhado para armazenamento seguro.<\/p>\n<p>Essa provid\u00eancia salutar n\u00e3o tem, contudo, qualquer base legal. &#8220;Nada obriga as operadoras a receberem essas baterias, nem o consumidor a deixar de jog\u00e1-las no lixo comum&#8221;, diz Dominique Louette, coordenadora t\u00e9cnica do Conselho Nacional do Meio Ambiente &#8211; Conama.<\/p>\n<p>O que existe \u00e9 a Resolu\u00e7\u00e3o N\u00ba 257, de 30 de junho de 1999, que estipula algumas regras para esse descarte, por\u00e9m com um texto generalizado. Diz a legisla\u00e7\u00e3o, em seu artigo primeiro: &#8220;As pilhas e baterias que contenham em suas composi\u00e7\u00f5es chumbo, c\u00e1dmio, merc\u00fario e seus compostos, necess\u00e1rias ao funcionamento de quaisquer tipos de aparelhos, ve\u00edculos ou sistemas, m\u00f3veis ou fixos, bem como os produtos eletro-eletr\u00f4nicos que as contenham integradas em sua estrutura de forma n\u00e3o substitu\u00edvel, ap\u00f3s seu esgotamento energ\u00e9tico, ser\u00e3o entregues pelos usu\u00e1rios aos estabelecimentos que as comercializam ou \u00e0 rede de assist\u00eancia t\u00e9cnica autorizada pelas respectivas ind\u00fastrias, para repasse aos fabricantes ou importadores, para que estes adotem, diretamente ou por meio de terceiros, os procedimentos de reutiliza\u00e7\u00e3o, reciclagem, tratamento ou disposi\u00e7\u00e3o final ambientalmente adequada.&#8221;<\/p>\n<p>Segundo Dominique, em meados deste m\u00eas, a C\u00e2mara T\u00e9cnica Sa\u00fade, Saneamento Ambiental e Gest\u00e3o de Res\u00edduos do Conama vai se reunir.  Na pauta, estar\u00e1 a delibera\u00e7\u00e3o sobre a possibilidade de revisar a resolu\u00e7\u00e3o j\u00e1 existente, tornando-a mais espec\u00edfica quanto ao lixo proveniente da telefonia celular, ou se \u00e9 mais conveniente desmembrar essa legisla\u00e7\u00e3o em outras, contemplando o mesmo objetivo: regulamentar o descarte.<\/p>\n<p>Enquanto isso n\u00e3o ocorre, o Minist\u00e9rio do Meio Ambiente informa locais de coleta deste tipo de res\u00edduo, divididos conforme os fabricantes de aparelho celulares. Para conhec\u00ea-los, clique aqui.  <\/p>\n<p>Efeitos dos metais pesados<\/p>\n<p>Merc\u00fario &#8211; Dist\u00farbios renais e neurol\u00f3gicos (irritabilidade, timidez e problema de mem\u00f3ria), muta\u00e7\u00f5es gen\u00e9ticas, e altera\u00e7\u00f5es no metabolismo e defici\u00eancias nos \u00f3rg\u00e3os sensoriais (tremores, distor\u00e7\u00f5es da vis\u00e3o e da audi\u00e7\u00e3o).<\/p>\n<p>C\u00e1dmio &#8211; Agente cancer\u00edgeno, teratog\u00eanico e pode causar danos ao sistema nervoso. Se acumula, principalmente, nos rins, f\u00edgado e nos ossos; provoca dores reum\u00e1ticas e mi\u00e1lgicas, dist\u00farbios metab\u00f3licos que levam \u00e0 osteoporose, disfun\u00e7\u00e3o renal e c\u00e2ncer.<\/p>\n<p>Chumbo &#8211; Gera perda de mem\u00f3ria, dor de cabe\u00e7a, irritabilidade, tremores musculares, lentid\u00e3o de racioc\u00ednio, alucina\u00e7\u00e3o, anemia, depress\u00e3o, ins\u00f4nia, paralisia, saliva\u00e7\u00e3o, n\u00e1useas, v\u00f4mitos, c\u00f3licas, perda do t\u00f4nus muscular, atrofia e perturba\u00e7\u00f5es visuais, e hiperatividade.<\/p>\n<p>L\u00edtio &#8211; Afeta o sistema nervoso central, gerando vis\u00e3o turva, ru\u00eddos nos ouvidos, vertigens, debilidade e tremores;<\/p>\n<p>N\u00edquel &#8211; Provoca dermatites, dist\u00farbios respirat\u00f3rios, gengivites, sabor met\u00e1lico, &#8220;sarna de n\u00edquel&#8221;, efeitos carcinog\u00eanicos, cirrose e insufici\u00eancia renal;<\/p>\n<p>Zinco &#8211; Provoca v\u00f4mitos e diarr\u00e9ias;<\/p>\n<p>Cobalto e seus compostos &#8211; Existentes na bateria de l\u00edtio, causam a &#8220;sarna do cobalto&#8221;, al\u00e9m de conjuntivite, bronquite e asma.<\/p>\n<p>Bi\u00f3xido de mangan\u00eas &#8211; Usado nas pilhas alcalinas, provoca anemia, dores abdominais, v\u00f4mitos, crises nervosas, dores de cabe\u00e7a, seborr\u00e9ia, impot\u00eancia, tremor nas m\u00e3os, perturba\u00e7\u00e3o emocional.<\/p>\n<p>Fonte: Portal Reciclar \u00e9 preciso.<\/p>\n","protected":false},"excerpt":{"rendered":"<p>No dia 21 passado, a Ag\u00eancia Nacional de Telecomunica\u00e7\u00f5es &#8211; Anatel -informava que o Brasil superou a marca de 100 milh\u00f5es de telefones celulares em opera\u00e7\u00e3o. Hoje espalham-se pelo pa\u00eds 100.717.141 assinantes do Servi\u00e7o M\u00f3vel Pessoal (SMP), com 80,58% de aparelhos pr\u00e9-pagos e 19,42% com planos de conta ao final do m\u00eas. Segundo a Anatel, [&hellip;]<\/p>\n","protected":false},"author":1,"featured_media":0,"comment_status":"open","ping_status":"open","sticky":false,"template":"","format":"standard","meta":{"footnotes":""},"categories":[1],"tags":[],"class_list":["post-7120","post","type-post","status-publish","format-standard","hentry","category-noticias"],"acf":[],"_links":{"self":[{"href":"https:\/\/www.crea-mt.org.br\/portal\/wp-json\/wp\/v2\/posts\/7120","targetHints":{"allow":["GET"]}}],"collection":[{"href":"https:\/\/www.crea-mt.org.br\/portal\/wp-json\/wp\/v2\/posts"}],"about":[{"href":"https:\/\/www.crea-mt.org.br\/portal\/wp-json\/wp\/v2\/types\/post"}],"author":[{"embeddable":true,"href":"https:\/\/www.crea-mt.org.br\/portal\/wp-json\/wp\/v2\/users\/1"}],"replies":[{"embeddable":true,"href":"https:\/\/www.crea-mt.org.br\/portal\/wp-json\/wp\/v2\/comments?post=7120"}],"version-history":[{"count":0,"href":"https:\/\/www.crea-mt.org.br\/portal\/wp-json\/wp\/v2\/posts\/7120\/revisions"}],"wp:attachment":[{"href":"https:\/\/www.crea-mt.org.br\/portal\/wp-json\/wp\/v2\/media?parent=7120"}],"wp:term":[{"taxonomy":"category","embeddable":true,"href":"https:\/\/www.crea-mt.org.br\/portal\/wp-json\/wp\/v2\/categories?post=7120"},{"taxonomy":"post_tag","embeddable":true,"href":"https:\/\/www.crea-mt.org.br\/portal\/wp-json\/wp\/v2\/tags?post=7120"}],"curies":[{"name":"wp","href":"https:\/\/api.w.org\/{rel}","templated":true}]}}