{"id":7119,"date":"2007-03-05T00:00:00","date_gmt":"2007-03-05T03:00:00","guid":{"rendered":"https:\/\/crea-mt.org.br\/portal\/reciclar-oleo-de-cozinha-pode-contribuir-para-diminuir-aquecimento-global\/"},"modified":"2007-03-05T00:00:00","modified_gmt":"2007-03-05T03:00:00","slug":"reciclar-oleo-de-cozinha-pode-contribuir-para-diminuir-aquecimento-global","status":"publish","type":"post","link":"https:\/\/www.crea-mt.org.br\/portal\/reciclar-oleo-de-cozinha-pode-contribuir-para-diminuir-aquecimento-global\/","title":{"rendered":"Reciclar \u00f3leo de cozinha pode contribuir para diminuir aquecimento global"},"content":{"rendered":"<p>A simples atitude de n\u00e3o jogar o \u00f3leo de cozinha usado direto no lixo ou no ralo da pia pode contribuir para diminuir o aquecimento global. O professor do Centro de Estudos Integrados sobre Meio Ambiente e Mudan\u00e7as Clim\u00e1ticas da Universidade Federal do Rio de Janeiro (UFRJ) Alexandre D&#8217;Avignon, explica que a decomposi\u00e7\u00e3o do \u00f3leo de cozinha emite metano na atmosfera. O metano \u00e9 um dos principais gases que causam o efeito estufa, que contribui para o aquecimento da terra. Segundo ele, o \u00f3leo de cozinha que muitas vezes vai para o ralo pia acaba chegando no oceano pelas redes de esgoto.<\/p>\n<p>Em contato com a \u00e1gua do mar, esse res\u00edduo l\u00edquido passa por rea\u00e7\u00f5es qu\u00edmicas que resultam em emiss\u00e3o de metano. &#8220;Voc\u00ea acaba tendo a decomposi\u00e7\u00e3o e a gera\u00e7\u00e3o de metano, atrav\u00e9s de uma a\u00e7\u00e3o anaer\u00f3bica [sem ar] de bact\u00e9rias&#8221;.<\/p>\n<p>Mas o que fazer com o \u00f3leo vegetal que n\u00e3o ser\u00e1 mais usado? A maioria dos ambientalistas concorda que n\u00e3o existe um modelo de descarte ideal do produto. Uma das alternativas \u00e9 reaproveitar o \u00f3leo de cozinha para fazer sab\u00e3o. A receita \u00e9 simples e est\u00e1 no final desta mat\u00e9ria.<\/p>\n<p>D&#8217;Avignon defende que quanto mais o cidad\u00e3o evitar o descarte do \u00f3leo no lixo comum, mais estar\u00e1 contribuindo para preservar o meio ambiente. Segundo ele, uma das solu\u00e7\u00f5es \u00e9 entregar o \u00f3leo usado a um catador de material recicl\u00e1vel ou diretamente a associa\u00e7\u00f5es que fa\u00e7am a reciclagem do produto.<\/p>\n<p>&#8220;Se n\u00f3s conseguirmos dar algum valor de compra desse \u00f3leo para o catador, para que ele seja usado na produ\u00e7\u00e3o de biodiesel, a gente vai fazer com que haja um ciclo de vida desse produto, para que ele volte para o sistema produtivo e produza biodiesel e isso substitua o consumo de \u00f3leo diesel&#8221;, sugere o professor.<\/p>\n<p>Receita para fazer sab\u00e3o a partir do \u00f3leo de cozinha<\/p>\n<p>Material<\/p>\n<p>5 litros de \u00f3leo de cozinha usado<br \/>\n2 litros de \u00e1gua<br \/>\n200 mililitros de amaciante<br \/>\n1 quilo de soda c\u00e1ustica em escama<\/p>\n<p>Preparo<\/p>\n<p>Coloque a soda em escamas no fundo de um balde cuidadosamente<br \/>\nColoque, com cuidado, a \u00e1gua fervendo<br \/>\nMexa at\u00e9 diluir todas as escamas da soda<br \/>\nAdicione o \u00f3leo e mexa<br \/>\nAdicione o amaciante e mexa novamente<br \/>\nJogue a mistura numa f\u00f4rma e espere secar<br \/>\nCorte o sab\u00e3o em barras<\/p>\n<p>ATEN\u00c7\u00c3O: A soda c\u00e1ustica pode causar queimaduras na pele. O ideal \u00e9 usar luvas e utens\u00edlios de madeira ou pl\u00e1stico para preparar a mistura.<\/p>\n<p>Fonte: Ag\u00eancia Brasil<\/p>\n","protected":false},"excerpt":{"rendered":"<p>A simples atitude de n\u00e3o jogar o \u00f3leo de cozinha usado direto no lixo ou no ralo da pia pode contribuir para diminuir o aquecimento global. O professor do Centro de Estudos Integrados sobre Meio Ambiente e Mudan\u00e7as Clim\u00e1ticas da Universidade Federal do Rio de Janeiro (UFRJ) Alexandre D&#8217;Avignon, explica que a decomposi\u00e7\u00e3o do \u00f3leo [&hellip;]<\/p>\n","protected":false},"author":1,"featured_media":0,"comment_status":"open","ping_status":"open","sticky":false,"template":"","format":"standard","meta":{"footnotes":""},"categories":[1],"tags":[],"class_list":["post-7119","post","type-post","status-publish","format-standard","hentry","category-noticias"],"acf":[],"_links":{"self":[{"href":"https:\/\/www.crea-mt.org.br\/portal\/wp-json\/wp\/v2\/posts\/7119","targetHints":{"allow":["GET"]}}],"collection":[{"href":"https:\/\/www.crea-mt.org.br\/portal\/wp-json\/wp\/v2\/posts"}],"about":[{"href":"https:\/\/www.crea-mt.org.br\/portal\/wp-json\/wp\/v2\/types\/post"}],"author":[{"embeddable":true,"href":"https:\/\/www.crea-mt.org.br\/portal\/wp-json\/wp\/v2\/users\/1"}],"replies":[{"embeddable":true,"href":"https:\/\/www.crea-mt.org.br\/portal\/wp-json\/wp\/v2\/comments?post=7119"}],"version-history":[{"count":0,"href":"https:\/\/www.crea-mt.org.br\/portal\/wp-json\/wp\/v2\/posts\/7119\/revisions"}],"wp:attachment":[{"href":"https:\/\/www.crea-mt.org.br\/portal\/wp-json\/wp\/v2\/media?parent=7119"}],"wp:term":[{"taxonomy":"category","embeddable":true,"href":"https:\/\/www.crea-mt.org.br\/portal\/wp-json\/wp\/v2\/categories?post=7119"},{"taxonomy":"post_tag","embeddable":true,"href":"https:\/\/www.crea-mt.org.br\/portal\/wp-json\/wp\/v2\/tags?post=7119"}],"curies":[{"name":"wp","href":"https:\/\/api.w.org\/{rel}","templated":true}]}}