{"id":7116,"date":"2007-03-05T00:00:00","date_gmt":"2007-03-05T03:00:00","guid":{"rendered":"https:\/\/crea-mt.org.br\/portal\/confea-exigira-reciprocidade-em-acordo-de-cooperacao-com-a-china\/"},"modified":"2007-03-05T00:00:00","modified_gmt":"2007-03-05T03:00:00","slug":"confea-exigira-reciprocidade-em-acordo-de-cooperacao-com-a-china","status":"publish","type":"post","link":"https:\/\/www.crea-mt.org.br\/portal\/confea-exigira-reciprocidade-em-acordo-de-cooperacao-com-a-china\/","title":{"rendered":"Confea exigir\u00e1 reciprocidade em acordo de coopera\u00e7\u00e3o com a China"},"content":{"rendered":"<p>O plen\u00e1rio do Confea vai encaminhar correspond\u00eancia ao presidente Lu\u00eds In\u00e1cio Lula da Silva para pedir um canal de comunica\u00e7\u00e3o com as organiza\u00e7\u00f5es profissionais da \u00e1rea tecnol\u00f3gica. A decis\u00e3o foi tomada no \u00faltimo dia da sess\u00e3o plen\u00e1ria 1.339, que come\u00e7ou dia 28 de fevereiro e termina hoje, 2 de mar\u00e7o, na sede do Confea, em Bras\u00edlia.<\/p>\n<p>O objetivo \u00e9 discutir e esclarecer quest\u00f5es acerca do Decreto Legislativo n\u00ba 409, aprovado em 12 de setembro de 2006, que estabelece acordo entre o Brasil e a Rep\u00fablica Popular da China para fortalecimento da coopera\u00e7\u00e3o na \u00e1rea de implementa\u00e7\u00e3o de infra-estrutura de constru\u00e7\u00e3o. <\/p>\n<p>O acordo visa promover, em car\u00e1ter permanente, a coopera\u00e7\u00e3o entre empresas brasileiras e chinesas para projetos como a constru\u00e7\u00e3o da fase C da termel\u00e9trica a carv\u00e3o de Candiota II, no sul do Brasil e das hidrel\u00e9tricas de Santo Ant\u00f4nio e Jirau, no Rio Madeira e de Belo Monte, no Xingu, entre v\u00e1rios outros. A preocupa\u00e7\u00e3o \u00e9 a inexist\u00eancia de reciprocidade para os profissionais brasileiros em rela\u00e7\u00e3o a empreendimentos realizados na China.<\/p>\n<p>Reciprocidade &#8211; A preocupa\u00e7\u00e3o das lideran\u00e7as do Sistema Confea\/Crea, al\u00e9m das entidades ligadas \u00e0s \u00e1reas tecnol\u00f3gicas, \u00e9 que profissionais Chineses sejam absorvidos no mercado tecnol\u00f3gico nacional sem que haja o mesmo tratamento em rela\u00e7\u00e3o aos profissionais brasileiros. &#8220;O interc\u00e2mbio com profissionais de outros pa\u00edses \u00e9 desej\u00e1vel, mas deve haver reciprocidade. O que est\u00e1 acontecendo, entretanto, \u00e9 uma via de m\u00e3o \u00fanica. Buscamos a integra\u00e7\u00e3o entre os pa\u00edses, mas em condi\u00e7\u00f5es de igualdade. \u00c9 preciso haver uma contrapartida&#8221;, ressaltou o presidente do Confea, eng. civil Marcos T\u00falio de Melo.<\/p>\n<p>O presidente do Col\u00e9gio de Entidades Nacionais, eng. de seguran\u00e7a do trabalho Francisco Machado, tamb\u00e9m presente na plen\u00e1ria, defendeu que a Frente Parlamentar pela Engenharia, que conta com cerca de 50 deputados e senadores no Congresso Nacional, se posicione acerca do assunto. &#8220;Vamos nos reunir com o presidente da frente e sugerir que ele se manifeste em tribuna&#8221;, afirmou Francisco Machado.<\/p>\n<p>Esclarecimento &#8211; O plen\u00e1rio tamb\u00e9m aprovou que se solicite ao Minist\u00e9rio de Minas e Energia esclarecimentos acerca do Decreto e sobre a reciprocidade e benef\u00edcio m\u00fatuo para os profissionais do Brasil para coopera\u00e7\u00e3o na \u00e1rea de infra-estrutura e constru\u00e7\u00e3o em projetos na China, com a participa\u00e7\u00e3o de empresas e profissionais brasileiros. &#8220;O Sistema Confea\/Crea n\u00e3o pode se omitir, porque a engenharia nacional \u00e9 altamente competente para a realiza\u00e7\u00e3o desse trabalho, tanto no Brasil como no mercado internacional&#8221;, sublinhou Marcos T\u00falio. <\/p>\n<p>Fonte: Confea.<\/p>\n","protected":false},"excerpt":{"rendered":"<p>O plen\u00e1rio do Confea vai encaminhar correspond\u00eancia ao presidente Lu\u00eds In\u00e1cio Lula da Silva para pedir um canal de comunica\u00e7\u00e3o com as organiza\u00e7\u00f5es profissionais da \u00e1rea tecnol\u00f3gica. A decis\u00e3o foi tomada no \u00faltimo dia da sess\u00e3o plen\u00e1ria 1.339, que come\u00e7ou dia 28 de fevereiro e termina hoje, 2 de mar\u00e7o, na sede do Confea, em [&hellip;]<\/p>\n","protected":false},"author":1,"featured_media":0,"comment_status":"open","ping_status":"open","sticky":false,"template":"","format":"standard","meta":{"footnotes":""},"categories":[1],"tags":[],"class_list":["post-7116","post","type-post","status-publish","format-standard","hentry","category-noticias"],"acf":[],"_links":{"self":[{"href":"https:\/\/www.crea-mt.org.br\/portal\/wp-json\/wp\/v2\/posts\/7116","targetHints":{"allow":["GET"]}}],"collection":[{"href":"https:\/\/www.crea-mt.org.br\/portal\/wp-json\/wp\/v2\/posts"}],"about":[{"href":"https:\/\/www.crea-mt.org.br\/portal\/wp-json\/wp\/v2\/types\/post"}],"author":[{"embeddable":true,"href":"https:\/\/www.crea-mt.org.br\/portal\/wp-json\/wp\/v2\/users\/1"}],"replies":[{"embeddable":true,"href":"https:\/\/www.crea-mt.org.br\/portal\/wp-json\/wp\/v2\/comments?post=7116"}],"version-history":[{"count":0,"href":"https:\/\/www.crea-mt.org.br\/portal\/wp-json\/wp\/v2\/posts\/7116\/revisions"}],"wp:attachment":[{"href":"https:\/\/www.crea-mt.org.br\/portal\/wp-json\/wp\/v2\/media?parent=7116"}],"wp:term":[{"taxonomy":"category","embeddable":true,"href":"https:\/\/www.crea-mt.org.br\/portal\/wp-json\/wp\/v2\/categories?post=7116"},{"taxonomy":"post_tag","embeddable":true,"href":"https:\/\/www.crea-mt.org.br\/portal\/wp-json\/wp\/v2\/tags?post=7116"}],"curies":[{"name":"wp","href":"https:\/\/api.w.org\/{rel}","templated":true}]}}