{"id":7114,"date":"2007-03-05T00:00:00","date_gmt":"2007-03-05T03:00:00","guid":{"rendered":"https:\/\/crea-mt.org.br\/portal\/plenario-aprova-a-realizacao-do-iv-premio-confea-de-jornalismo\/"},"modified":"2007-03-05T00:00:00","modified_gmt":"2007-03-05T03:00:00","slug":"plenario-aprova-a-realizacao-do-iv-premio-confea-de-jornalismo","status":"publish","type":"post","link":"https:\/\/www.crea-mt.org.br\/portal\/plenario-aprova-a-realizacao-do-iv-premio-confea-de-jornalismo\/","title":{"rendered":"Plen\u00e1rio aprova a realiza\u00e7\u00e3o do IV Pr\u00eamio Confea de Jornalismo"},"content":{"rendered":"<p>O plen\u00e1rio do Confea aprovou a 4\u00aa edi\u00e7\u00e3o do Pr\u00eamio Confea de Jornalismo na manh\u00e3 de 2 de mar\u00e7o, \u00faltimo dia da Sess\u00e3o Plen\u00e1ria n\u00ba 1.339, que re\u00fane os Conselheiros Federais desde 28 de fevereiro, na sede do Confea, em Bras\u00edlia. <\/p>\n<p>Conforme o edital, tamb\u00e9m aprovado na Plen\u00e1ria, o valor do pr\u00eamio ser\u00e1 de R$ 7 mil para as melhores reportagens acerca do tema &#8220;Pensar o Brasil. Educar &amp; inovar: responsabilidade social&#8221;, nas categorias impresso (jornal ou revista); r\u00e1dio, TV, Internet e fotografia. Poder\u00e3o concorrer jornalistas de todo o pa\u00eds. <\/p>\n<p>Estudantes<br \/>\nUma novidade ser\u00e1 a premia\u00e7\u00e3o tamb\u00e9m a estudantes, no valor de R$ 3.500,00, nas categorias impresso universit\u00e1rio e v\u00eddeo document\u00e1rio universit\u00e1rio. <\/p>\n<p>A comiss\u00e3o julgadora ser\u00e1 definida pelo Confea, juntamente com a Federa\u00e7\u00e3o Nacional dos Jornalistas (FENAJ), e sua composi\u00e7\u00e3o ser\u00e1 divulgada no site do Confea. <\/p>\n<p>As inscri\u00e7\u00f5es poder\u00e3o ser realizadas de 30 de mar\u00e7o a 30 de junho de 2007. Em breve, as fichas de inscri\u00e7\u00e3o estar\u00e3o dispon\u00edveis no site da institui\u00e7\u00e3o.<\/p>\n<p>Fonte: Confea.<\/p>\n","protected":false},"excerpt":{"rendered":"<p>O plen\u00e1rio do Confea aprovou a 4\u00aa edi\u00e7\u00e3o do Pr\u00eamio Confea de Jornalismo na manh\u00e3 de 2 de mar\u00e7o, \u00faltimo dia da Sess\u00e3o Plen\u00e1ria n\u00ba 1.339, que re\u00fane os Conselheiros Federais desde 28 de fevereiro, na sede do Confea, em Bras\u00edlia. Conforme o edital, tamb\u00e9m aprovado na Plen\u00e1ria, o valor do pr\u00eamio ser\u00e1 de R$ [&hellip;]<\/p>\n","protected":false},"author":1,"featured_media":0,"comment_status":"open","ping_status":"open","sticky":false,"template":"","format":"standard","meta":{"footnotes":""},"categories":[1],"tags":[],"class_list":["post-7114","post","type-post","status-publish","format-standard","hentry","category-noticias"],"acf":[],"_links":{"self":[{"href":"https:\/\/www.crea-mt.org.br\/portal\/wp-json\/wp\/v2\/posts\/7114","targetHints":{"allow":["GET"]}}],"collection":[{"href":"https:\/\/www.crea-mt.org.br\/portal\/wp-json\/wp\/v2\/posts"}],"about":[{"href":"https:\/\/www.crea-mt.org.br\/portal\/wp-json\/wp\/v2\/types\/post"}],"author":[{"embeddable":true,"href":"https:\/\/www.crea-mt.org.br\/portal\/wp-json\/wp\/v2\/users\/1"}],"replies":[{"embeddable":true,"href":"https:\/\/www.crea-mt.org.br\/portal\/wp-json\/wp\/v2\/comments?post=7114"}],"version-history":[{"count":0,"href":"https:\/\/www.crea-mt.org.br\/portal\/wp-json\/wp\/v2\/posts\/7114\/revisions"}],"wp:attachment":[{"href":"https:\/\/www.crea-mt.org.br\/portal\/wp-json\/wp\/v2\/media?parent=7114"}],"wp:term":[{"taxonomy":"category","embeddable":true,"href":"https:\/\/www.crea-mt.org.br\/portal\/wp-json\/wp\/v2\/categories?post=7114"},{"taxonomy":"post_tag","embeddable":true,"href":"https:\/\/www.crea-mt.org.br\/portal\/wp-json\/wp\/v2\/tags?post=7114"}],"curies":[{"name":"wp","href":"https:\/\/api.w.org\/{rel}","templated":true}]}}