{"id":7113,"date":"2007-03-06T00:00:00","date_gmt":"2007-03-06T03:00:00","guid":{"rendered":"https:\/\/crea-mt.org.br\/portal\/confea-quer-que-convencao-da-upadi-seja-no-brasil\/"},"modified":"2007-03-06T00:00:00","modified_gmt":"2007-03-06T03:00:00","slug":"confea-quer-que-convencao-da-upadi-seja-no-brasil","status":"publish","type":"post","link":"https:\/\/www.crea-mt.org.br\/portal\/confea-quer-que-convencao-da-upadi-seja-no-brasil\/","title":{"rendered":"Confea quer que conven\u00e7\u00e3o da UPADI seja no Brasil"},"content":{"rendered":"<p>Fonte:Confea<\/p>\n<p>O presidente do Conselho Federal de Engenharia, Arquitetura e Agronomia (Confea), eng. Marcos T\u00falio de Melo, est\u00e1 em miss\u00e3o a Cuba desde ontem, 5 de mar\u00e7o, juntamente com o presidente da Federa\u00e7\u00e3o Brasileira de Associa\u00e7\u00f5es de Engenheiros (Febrae), eng. Carlos Moura, e o presidente da Uni\u00e3o Pan-americana de associa\u00e7\u00f5es de engenheiros (UPADI, na sigla em espanhol), Cl\u00e1udio Dall&#8217;Acqua.<\/p>\n<p>Um dos principais objetivos \u00e9 negociar que a 31\u00aa Conven\u00e7\u00e3o da Upadi &#8211; prevista para acontecer em Havana (Cuba), em 2008 &#8211; seja realizada no Brasil. A inten\u00e7\u00e3o \u00e9 que o evento ocorra juntamente com a Conven\u00e7\u00e3o Mundial de Engenheiros (WEC, na sigla em ingl\u00eas), cuja terceira edi\u00e7\u00e3o ser\u00e1 realizada em Bras\u00edlia, em dezembro de 2008, e pretende reunir 3 mil profissionais de todo o mundo.<\/p>\n<p>Em fevereiro, Marcos T\u00falio esteve com o ministro da embaixada cubana, Alexandro Dias Pal\u00e1cio, para discutir o assunto. Ele estar\u00e1 de volta a Bras\u00edlia no dia 8 de mar\u00e7o, quando participa, \u00e0s 14h, de uma reuni\u00e3o, no Plen\u00e1rio do Confea, para avalia\u00e7\u00e3o dos preparativos para a organiza\u00e7\u00e3o da WEC 2008.<\/p>\n<p>Upadi<br \/>\nA UPADI foi fundada pelo engenheiro Saturnino Brito, em 1949. A id\u00e9ia era reunir associa\u00e7\u00f5es de todo o continente americano &#8211; norte, centro e sul -, com interesses comuns na profiss\u00e3o de engenharia, como sua rela\u00e7\u00e3o com o Estado e com a sociedade, para que pudessem atuar de forma integrada.<\/p>\n<p>Antes dessa integra\u00e7\u00e3o pan-americana, houve uma iniciativa nos Estados Unidos, em 1920, com a cria\u00e7\u00e3o do Conselho Americano de Engenharia, que agrupava 220 associa\u00e7\u00f5es. A Am\u00e9rica Latina tamb\u00e9m agiu nesse sentido, criando, em 1935, a Uni\u00e3o Sul-Americana de Associa\u00e7\u00f5es de Engenheiros (USAI), com sede na Argentina.<\/p>\n<p>Ambos passaram a integrar a UPADI, cuja sede \u00e9 o Rio de Janeiro (RJ), desde 30 de outubro de 2000. A 30\u00aa edi\u00e7\u00e3o da Conven\u00e7\u00e3o da Upadi foi realizada em Atlanta, na Ge\u00f3rgia (EUA), de 20 a 23 de setembro de 2006.<\/p>\n","protected":false},"excerpt":{"rendered":"<p>Fonte:Confea O presidente do Conselho Federal de Engenharia, Arquitetura e Agronomia (Confea), eng. Marcos T\u00falio de Melo, est\u00e1 em miss\u00e3o a Cuba desde ontem, 5 de mar\u00e7o, juntamente com o presidente da Federa\u00e7\u00e3o Brasileira de Associa\u00e7\u00f5es de Engenheiros (Febrae), eng. Carlos Moura, e o presidente da Uni\u00e3o Pan-americana de associa\u00e7\u00f5es de engenheiros (UPADI, na sigla [&hellip;]<\/p>\n","protected":false},"author":1,"featured_media":0,"comment_status":"open","ping_status":"open","sticky":false,"template":"","format":"standard","meta":{"footnotes":""},"categories":[1],"tags":[],"class_list":["post-7113","post","type-post","status-publish","format-standard","hentry","category-noticias"],"acf":[],"_links":{"self":[{"href":"https:\/\/www.crea-mt.org.br\/portal\/wp-json\/wp\/v2\/posts\/7113","targetHints":{"allow":["GET"]}}],"collection":[{"href":"https:\/\/www.crea-mt.org.br\/portal\/wp-json\/wp\/v2\/posts"}],"about":[{"href":"https:\/\/www.crea-mt.org.br\/portal\/wp-json\/wp\/v2\/types\/post"}],"author":[{"embeddable":true,"href":"https:\/\/www.crea-mt.org.br\/portal\/wp-json\/wp\/v2\/users\/1"}],"replies":[{"embeddable":true,"href":"https:\/\/www.crea-mt.org.br\/portal\/wp-json\/wp\/v2\/comments?post=7113"}],"version-history":[{"count":0,"href":"https:\/\/www.crea-mt.org.br\/portal\/wp-json\/wp\/v2\/posts\/7113\/revisions"}],"wp:attachment":[{"href":"https:\/\/www.crea-mt.org.br\/portal\/wp-json\/wp\/v2\/media?parent=7113"}],"wp:term":[{"taxonomy":"category","embeddable":true,"href":"https:\/\/www.crea-mt.org.br\/portal\/wp-json\/wp\/v2\/categories?post=7113"},{"taxonomy":"post_tag","embeddable":true,"href":"https:\/\/www.crea-mt.org.br\/portal\/wp-json\/wp\/v2\/tags?post=7113"}],"curies":[{"name":"wp","href":"https:\/\/api.w.org\/{rel}","templated":true}]}}