{"id":7111,"date":"2007-03-06T00:00:00","date_gmt":"2007-03-06T03:00:00","guid":{"rendered":"https:\/\/crea-mt.org.br\/portal\/manifesto-sobre-contratacao-de-engenheiros-chineses-pela-csa\/"},"modified":"2007-03-06T00:00:00","modified_gmt":"2007-03-06T03:00:00","slug":"manifesto-sobre-contratacao-de-engenheiros-chineses-pela-csa","status":"publish","type":"post","link":"https:\/\/www.crea-mt.org.br\/portal\/manifesto-sobre-contratacao-de-engenheiros-chineses-pela-csa\/","title":{"rendered":"Manifesto sobre contrata\u00e7\u00e3o de engenheiros chineses pela CSA"},"content":{"rendered":"<p>O Conselho Federal de Engenharia, Arquitetura e Agronomia &#8211; Confea, por meio de seu plen\u00e1rio, reunido na sess\u00e3o 1339, vem a p\u00fablico para se manifestar contr\u00e1rio \u00e0 iminente contrata\u00e7\u00e3o de 600 chineses &#8211; em sua maioria, engenheiros &#8211; para atuar na constru\u00e7\u00e3o da f\u00e1brica da Companhia Sider\u00fargica do Atl\u00e2ntico (CSA), no distrito de Santa Cruz (RJ), a partir de mar\u00e7o, sem cumprir os tr\u00e2mites legais do registro profissional.<\/p>\n<p>Por entender que engenheiros brasileiros s\u00e3o capacitados tecnicamente para projetar e executar, e aptos a preparar, implantar e manter o funcionamento da f\u00e1brica da CSA que produzir\u00e1 coque (uma das mat\u00e9rias-primas para a produ\u00e7\u00e3o de a\u00e7o), o Confea solicita redobrado rigor por parte do Minist\u00e9rio do Trabalho e Emprego na an\u00e1lise dos pedidos e autoriza\u00e7\u00e3o para que seja utilizada m\u00e3o-de-obra nacional no pa\u00eds, e esclarece \u00e0 sociedade:<\/p>\n<p>&#8211; Que al\u00e9m do visto do Minist\u00e9rio do Trabalho, \u00e9 necess\u00e1rio que esses trabalhadores obtenham registro junto ao Crea-RJ, como determina a legisla\u00e7\u00e3o vigente.<\/p>\n<p>&#8211; Que ap\u00f3ia e refor\u00e7a a representa\u00e7\u00e3o feita pelo Crea-RJ junto ao Minist\u00e9rio P\u00fablico do Trabalho no sentido de impedir que a CSA contrate a m\u00e3o-de-obra chinesa de forma ilegal.<\/p>\n<p>&#8211; Que carece de proced\u00eancia a afirma\u00e7\u00e3o da sider\u00fargica alem\u00e3, segundo a qual a contrata\u00e7\u00e3o de chineses se justifica porque a obra exige conhecimentos da tecnologia e de l\u00edngua chinesas para a montagem da linha de produ\u00e7\u00e3o e de opera\u00e7\u00e3o de m\u00e1quinas e equipamentos. <\/p>\n<p>&#8211; Que \u00e9 falho o argumento utilizado pela estatal China International Trust &amp; Investment Corporation (Citic), segundo o qual a contrata\u00e7\u00e3o de chineses se justifica porque a tecnologia a ser empregada \u00e9 nova e desenvolvida na China.<\/p>\n<p>&#8211; Que a Companhia Sider\u00fargica de Tubar\u00e3o, em Vit\u00f3ria (ES), usa a mesma tecnologia, de origem australiana, operada por engenheiros brasileiros, o que invalida o argumento de que o Pa\u00eds n\u00e3o teria profissionais capacitados para atender \u00e0 demanda da instala\u00e7\u00e3o e implementa\u00e7\u00e3o da CSA.<\/p>\n<p>&#8211; Que o processo de globaliza\u00e7\u00e3o mundial, fato incontest\u00e1vel da atualidade, n\u00e3o pode se sobrepor \u00e0 nossa soberania e \u00e0s leis vigentes no Brasil.<\/p>\n<p>Fonte:Confea<\/p>\n","protected":false},"excerpt":{"rendered":"<p>O Conselho Federal de Engenharia, Arquitetura e Agronomia &#8211; Confea, por meio de seu plen\u00e1rio, reunido na sess\u00e3o 1339, vem a p\u00fablico para se manifestar contr\u00e1rio \u00e0 iminente contrata\u00e7\u00e3o de 600 chineses &#8211; em sua maioria, engenheiros &#8211; para atuar na constru\u00e7\u00e3o da f\u00e1brica da Companhia Sider\u00fargica do Atl\u00e2ntico (CSA), no distrito de Santa Cruz [&hellip;]<\/p>\n","protected":false},"author":1,"featured_media":0,"comment_status":"open","ping_status":"open","sticky":false,"template":"","format":"standard","meta":{"footnotes":""},"categories":[1],"tags":[],"class_list":["post-7111","post","type-post","status-publish","format-standard","hentry","category-noticias"],"acf":[],"_links":{"self":[{"href":"https:\/\/www.crea-mt.org.br\/portal\/wp-json\/wp\/v2\/posts\/7111","targetHints":{"allow":["GET"]}}],"collection":[{"href":"https:\/\/www.crea-mt.org.br\/portal\/wp-json\/wp\/v2\/posts"}],"about":[{"href":"https:\/\/www.crea-mt.org.br\/portal\/wp-json\/wp\/v2\/types\/post"}],"author":[{"embeddable":true,"href":"https:\/\/www.crea-mt.org.br\/portal\/wp-json\/wp\/v2\/users\/1"}],"replies":[{"embeddable":true,"href":"https:\/\/www.crea-mt.org.br\/portal\/wp-json\/wp\/v2\/comments?post=7111"}],"version-history":[{"count":0,"href":"https:\/\/www.crea-mt.org.br\/portal\/wp-json\/wp\/v2\/posts\/7111\/revisions"}],"wp:attachment":[{"href":"https:\/\/www.crea-mt.org.br\/portal\/wp-json\/wp\/v2\/media?parent=7111"}],"wp:term":[{"taxonomy":"category","embeddable":true,"href":"https:\/\/www.crea-mt.org.br\/portal\/wp-json\/wp\/v2\/categories?post=7111"},{"taxonomy":"post_tag","embeddable":true,"href":"https:\/\/www.crea-mt.org.br\/portal\/wp-json\/wp\/v2\/tags?post=7111"}],"curies":[{"name":"wp","href":"https:\/\/api.w.org\/{rel}","templated":true}]}}