{"id":7110,"date":"2007-03-06T00:00:00","date_gmt":"2007-03-06T03:00:00","guid":{"rendered":"https:\/\/crea-mt.org.br\/portal\/mapa-retoma-concurso-para-agente-de-inspecao-sanitaria-2\/"},"modified":"2007-03-06T00:00:00","modified_gmt":"2007-03-06T03:00:00","slug":"mapa-retoma-concurso-para-agente-de-inspecao-sanitaria-2","status":"publish","type":"post","link":"https:\/\/www.crea-mt.org.br\/portal\/mapa-retoma-concurso-para-agente-de-inspecao-sanitaria-2\/","title":{"rendered":"Mapa retoma concurso para agente de inspe\u00e7\u00e3o sanit\u00e1ria"},"content":{"rendered":"<p>O edital de hoje retifica os de n\u00fameros 1 e 2, publicados nos dias 28 de abril e 18 de maio de 2006, respectivamente.<\/p>\n<p>O Di\u00e1rio Oficial da Uni\u00e3o publicou nesta segunda-feira (05\/03) o edital n\u00ba 03, que autoriza a realiza\u00e7\u00e3o do concurso p\u00fablico para o cargo de n\u00edvel m\u00e9dio de Agente de Inspe\u00e7\u00e3o Sanit\u00e1ria e Industrial de Produtos de Origem Animal do Minist\u00e9rio da Agricultura, Pecu\u00e1ria e Abastecimento (Mapa).<\/p>\n<p>S\u00e3o 333 vagas, das quais 107 para o Estado de S\u00e3o Paulo, 55 para Mato Grosso, 55 para Mato Grosso do Sul, 37 para Minas Gerais, 47 para Goi\u00e1s, 23 para o Rio Grande do Sul e 9 para o Distrito Federal. Outras 21 vagas ser\u00e3o destinadas para portadores de defici\u00eancia, sendo 07 para SP, 3 para MT, 3 para MS, 2 para MG, 3 para GO, 2 para RS, e 1 vaga para o DF. A remunera\u00e7\u00e3o inicial \u00e9 de R$ 3.228,27. A taxa de inscri\u00e7\u00e3o \u00e9 de R$ 13,00.<\/p>\n<p>O concurso para Agente de Inspe\u00e7\u00e3o Sanit\u00e1ria e Industrial de Produtos de Origem Animal estava suspenso desde maio do ano passado devido a a\u00e7\u00f5es judiciais ajuizadas nas 14\u00aa e 16\u00aa Varas de Justi\u00e7a Federal do Estado do Rio de Janeiro e no Minist\u00e9rio P\u00fablico. O Tribunal de Contas da Uni\u00e3o (TCU) tamb\u00e9m havia solicitado a suspens\u00e3o do concurso. &#8220;Todas as pend\u00eancias judiciais foram sanadas e vamos dar continuidade ao processo seletivo&#8221;, informou o coordenador geral de Legisla\u00e7\u00e3o e Acompanhamento Processual do Mapa, Eug\u00eanio Belmiro.<\/p>\n<p>O concurso ser\u00e1 executado pela empresa Assessoria em Organiza\u00e7\u00e3o de Concursos P\u00fablicos Ltda (AOCP). As inscri\u00e7\u00f5es podem ser realizadas pela Internet, endere\u00e7o eletr\u00f4nico www.aocp.com.br, e nas ag\u00eancias credenciadas da Caixa Econ\u00f4mica Federal (CEF), no per\u00edodo de 12\/03 a 27\/03 As provas ser\u00e3o aplicadas no dia 18 de maio. A divulga\u00e7\u00e3o do resultado final ser\u00e1 no dia 27 de junho.<\/p>\n<p>O coordenador de Recursos Humanos do Mapa, Jorge Helder Freire Coutinho, informou que as inscri\u00e7\u00f5es realizadas anteriormente continuam v\u00e1lidas. &#8220;O candidato deve ficar atento \u00e0s novas datas de realiza\u00e7\u00e3o das provas e homologa\u00e7\u00e3o das resultados. Quem desistiu do concurso poder\u00e1 ter seu dinheiro de volta&#8221;, esclareceu.<\/p>\n<p>Fonte: Assessoria de Imprensa do Mapa.<\/p>\n","protected":false},"excerpt":{"rendered":"<p>O edital de hoje retifica os de n\u00fameros 1 e 2, publicados nos dias 28 de abril e 18 de maio de 2006, respectivamente. O Di\u00e1rio Oficial da Uni\u00e3o publicou nesta segunda-feira (05\/03) o edital n\u00ba 03, que autoriza a realiza\u00e7\u00e3o do concurso p\u00fablico para o cargo de n\u00edvel m\u00e9dio de Agente de Inspe\u00e7\u00e3o Sanit\u00e1ria [&hellip;]<\/p>\n","protected":false},"author":1,"featured_media":0,"comment_status":"open","ping_status":"open","sticky":false,"template":"","format":"standard","meta":{"footnotes":""},"categories":[1],"tags":[],"class_list":["post-7110","post","type-post","status-publish","format-standard","hentry","category-noticias"],"acf":[],"_links":{"self":[{"href":"https:\/\/www.crea-mt.org.br\/portal\/wp-json\/wp\/v2\/posts\/7110","targetHints":{"allow":["GET"]}}],"collection":[{"href":"https:\/\/www.crea-mt.org.br\/portal\/wp-json\/wp\/v2\/posts"}],"about":[{"href":"https:\/\/www.crea-mt.org.br\/portal\/wp-json\/wp\/v2\/types\/post"}],"author":[{"embeddable":true,"href":"https:\/\/www.crea-mt.org.br\/portal\/wp-json\/wp\/v2\/users\/1"}],"replies":[{"embeddable":true,"href":"https:\/\/www.crea-mt.org.br\/portal\/wp-json\/wp\/v2\/comments?post=7110"}],"version-history":[{"count":0,"href":"https:\/\/www.crea-mt.org.br\/portal\/wp-json\/wp\/v2\/posts\/7110\/revisions"}],"wp:attachment":[{"href":"https:\/\/www.crea-mt.org.br\/portal\/wp-json\/wp\/v2\/media?parent=7110"}],"wp:term":[{"taxonomy":"category","embeddable":true,"href":"https:\/\/www.crea-mt.org.br\/portal\/wp-json\/wp\/v2\/categories?post=7110"},{"taxonomy":"post_tag","embeddable":true,"href":"https:\/\/www.crea-mt.org.br\/portal\/wp-json\/wp\/v2\/tags?post=7110"}],"curies":[{"name":"wp","href":"https:\/\/api.w.org\/{rel}","templated":true}]}}