{"id":7107,"date":"2007-03-06T00:00:00","date_gmt":"2007-03-06T03:00:00","guid":{"rendered":"https:\/\/crea-mt.org.br\/portal\/agricultura-tem-corte-de-20-no-orcamento\/"},"modified":"2007-03-06T00:00:00","modified_gmt":"2007-03-06T03:00:00","slug":"agricultura-tem-corte-de-20-no-orcamento","status":"publish","type":"post","link":"https:\/\/www.crea-mt.org.br\/portal\/agricultura-tem-corte-de-20-no-orcamento\/","title":{"rendered":"Agricultura tem corte de 20% no or\u00e7amento"},"content":{"rendered":"<p>O or\u00e7amento do Minist\u00e9rio da Agricultura, Pecu\u00e1ria e Abastecimento previsto para este ano teve um contigenciamento de 20%.<\/p>\n<p>O ministro, Lu\u00eds Carlos Guedes Pinto, disse nessa segunda-feira (05-03) em S\u00e3o Paulo que a pasta iniciar\u00e1 o ano com or\u00e7amento de R$ 816 milh\u00f5es para gastos operacionais. Inicialmente, os recursos eram de cerca de R$ 950 milh\u00f5es. Os valores ainda n\u00e3o foram detalhados, mas a estimativa \u00e9 que uma das \u00e1reas prejudicadas seja a defesa sanit\u00e1ria.<\/p>\n<p>A oposi\u00e7\u00e3o alfineta o governo. O deputado Ronaldo Caiado (PFL), ex-presidente da Comiss\u00e3o de Agricultura, disse que o corte de 20% no or\u00e7amento mostra quanto o minist\u00e9rio est\u00e1 &#8220;desprestigiado&#8221; em rela\u00e7\u00e3o \u00e0s demais pastas. O ministro acredita que no fim do ano o or\u00e7amento ser\u00e1 recomposto, a exemplo do ocorrido em 2006, quando 99,8% do or\u00e7amento de R$ 1,05 bilh\u00e3o foi executado.<\/p>\n<p>Conforme o secret\u00e1rio de Defesa Agropecu\u00e1ria do Minist\u00e9rio da Agricultura, Gabriel Alves Maciel, com certeza haver\u00e1 contigenciamento no or\u00e7amento da defesa sanit\u00e1ria . &#8220;Se est\u00e1 havendo contigenciamento dos recursos do minist\u00e9rio isso servir\u00e1 para todas as \u00e1reas&#8221;, disse.<\/p>\n<p>Segundo o secret\u00e1rio, \u00e9 normal ocorrer corte no or\u00e7amento no in\u00edcio do ano. &#8220;S\u00f3 que quando chega no fim do ano os recursos s\u00e3o liberados acima do previsto inicialmente devido \u00e0 arrecada\u00e7\u00e3o de impostos federais&#8221;, declara. Maciel ainda n\u00e3o sabe qual ser\u00e1 o corte nos recursos destinados \u00e0 defesa sanit\u00e1ria. Acrescenta que o contigenciamento por setor ser\u00e1 detalhado nesta semana.<\/p>\n<p>Para Caiado, o corte do or\u00e7amento compromete o setor, principalmente a pecu\u00e1ria. &#8220;A febre aftosa reincidiu no governo Lula, algo que n\u00e3o existia h\u00e1 muitos anos&#8221;, disse o parlamentar. Segundo ele, o or\u00e7amento para a agricultura sempre fica muito aqu\u00e9m do necess\u00e1rio, tanto para o controle sanit\u00e1rio quanto para a agricultura. Seriam necess\u00e1rios R$ 500 milh\u00f5es no m\u00ednimo para atender apenas a defesa sanit\u00e1ria. <\/p>\n<p>Fonte: Gazeta Mercantil.<\/p>\n","protected":false},"excerpt":{"rendered":"<p>O or\u00e7amento do Minist\u00e9rio da Agricultura, Pecu\u00e1ria e Abastecimento previsto para este ano teve um contigenciamento de 20%. O ministro, Lu\u00eds Carlos Guedes Pinto, disse nessa segunda-feira (05-03) em S\u00e3o Paulo que a pasta iniciar\u00e1 o ano com or\u00e7amento de R$ 816 milh\u00f5es para gastos operacionais. Inicialmente, os recursos eram de cerca de R$ 950 [&hellip;]<\/p>\n","protected":false},"author":1,"featured_media":0,"comment_status":"open","ping_status":"open","sticky":false,"template":"","format":"standard","meta":{"footnotes":""},"categories":[1],"tags":[],"class_list":["post-7107","post","type-post","status-publish","format-standard","hentry","category-noticias"],"acf":[],"_links":{"self":[{"href":"https:\/\/www.crea-mt.org.br\/portal\/wp-json\/wp\/v2\/posts\/7107","targetHints":{"allow":["GET"]}}],"collection":[{"href":"https:\/\/www.crea-mt.org.br\/portal\/wp-json\/wp\/v2\/posts"}],"about":[{"href":"https:\/\/www.crea-mt.org.br\/portal\/wp-json\/wp\/v2\/types\/post"}],"author":[{"embeddable":true,"href":"https:\/\/www.crea-mt.org.br\/portal\/wp-json\/wp\/v2\/users\/1"}],"replies":[{"embeddable":true,"href":"https:\/\/www.crea-mt.org.br\/portal\/wp-json\/wp\/v2\/comments?post=7107"}],"version-history":[{"count":0,"href":"https:\/\/www.crea-mt.org.br\/portal\/wp-json\/wp\/v2\/posts\/7107\/revisions"}],"wp:attachment":[{"href":"https:\/\/www.crea-mt.org.br\/portal\/wp-json\/wp\/v2\/media?parent=7107"}],"wp:term":[{"taxonomy":"category","embeddable":true,"href":"https:\/\/www.crea-mt.org.br\/portal\/wp-json\/wp\/v2\/categories?post=7107"},{"taxonomy":"post_tag","embeddable":true,"href":"https:\/\/www.crea-mt.org.br\/portal\/wp-json\/wp\/v2\/tags?post=7107"}],"curies":[{"name":"wp","href":"https:\/\/api.w.org\/{rel}","templated":true}]}}