{"id":7106,"date":"2007-03-07T00:00:00","date_gmt":"2007-03-07T03:00:00","guid":{"rendered":"https:\/\/crea-mt.org.br\/portal\/para-podera-ter-mais-duas-universidades-federais\/"},"modified":"2007-03-07T00:00:00","modified_gmt":"2007-03-07T03:00:00","slug":"para-podera-ter-mais-duas-universidades-federais","status":"publish","type":"post","link":"https:\/\/www.crea-mt.org.br\/portal\/para-podera-ter-mais-duas-universidades-federais\/","title":{"rendered":"Par\u00e1 poder\u00e1 ter mais duas universidades federais"},"content":{"rendered":"<p>O Par\u00e1 poder\u00e1 ganhar mais duas universidades federais, uma na regi\u00e3o Oeste e outra no Sul no Estado.  O pedido de cria\u00e7\u00e3o das duas institui\u00e7\u00f5es foi formalizado ontem pela governadora Ana J\u00falia Carepa em reuni\u00e3o com a ministra-chefe da Casa Civil, Dilma Roussef, no Pal\u00e1cio do Planalto.<\/p>\n<p>No encontro com a ministra, Ana J\u00falia Carepa ressaltou que assumiu o Governo do Estado do Par\u00e1 com v\u00e1rios compromissos, principalmente, o de instituir um novo modelo de desenvolvimento para a regi\u00e3o, baseado na melhor utiliza\u00e7\u00e3o dos recursos naturais.<\/p>\n<p>Para isso, destacou a governadora, \u00e9 necess\u00e1rio criar estruturas de produ\u00e7\u00e3o de ci\u00eancia, tecnologia e inova\u00e7\u00e3o e tamb\u00e9m melhorar a qualidade do corpo docente das institui\u00e7\u00f5es de ensino e pesquisa, de forma a viabilizar a implanta\u00e7\u00e3o de um sistema regional de inova\u00e7\u00e3o.<\/p>\n<p>A governadora do Par\u00e1 tamb\u00e9m protocolou no Pal\u00e1cio do Planalto outra reivindica\u00e7\u00e3o: a solu\u00e7\u00e3o para os seguidos preju\u00edzos do Banco do Estado do Par\u00e1 (Banpar\u00e1) com t\u00edtulos do Fundo de Compensa\u00e7\u00e3o de Varia\u00e7\u00f5es Salariais (FCVS).<\/p>\n<p>De acordo com Ana J\u00falia Carepa, os estados que optaram por manter seus bancos p\u00fablicos, contra a pol\u00edtica de privatiza\u00e7\u00e3o do governo Fernando Henrique, foram punidos.<\/p>\n<p>No final dos anos 90, lembra a governadora, os bancos privatizados trocaram os ativos de FCVS\/CVS por t\u00edtulos p\u00fablicos federais, sem des\u00e1gio.  Esses t\u00edtulos rendem a taxa Selic, enquanto os t\u00edtulos do FCVS rendem TR mais 4,2% ao ano.<\/p>\n<p>O Banpar\u00e1 tem em carteira R$ 250 milh\u00f5es em t\u00edtulos do FCVS, que causam preju\u00edzo anual de R$ 18 milh\u00f5es ao estado.  Isso porque esses t\u00edtulos rendem TR mais 4,2% enquanto o custo de capta\u00e7\u00e3o \u00e9 de 13% (taxa Selic).<\/p>\n<p>A reivindica\u00e7\u00e3o do Governo do Estado do Par\u00e1 \u00e9 que esses t\u00edtulos sejam transferidos para a Uni\u00e3o em troca de outros t\u00edtulos de elevada liquidez.  Outra sugest\u00e3o da governadora \u00e9 que o Estado possa comprar esses t\u00edtulos e utiliz\u00e1-los no pagamento de d\u00edvidas, ou que a Uni\u00e3o negocie com institui\u00e7\u00f5es multilaterais a capta\u00e7\u00e3o de recursos \u00e0 mesma taxa dos ativos do FCVS.<\/p>\n<p>Fonte:Di\u00e1rio do Par\u00e1 <\/p>\n","protected":false},"excerpt":{"rendered":"<p>O Par\u00e1 poder\u00e1 ganhar mais duas universidades federais, uma na regi\u00e3o Oeste e outra no Sul no Estado. O pedido de cria\u00e7\u00e3o das duas institui\u00e7\u00f5es foi formalizado ontem pela governadora Ana J\u00falia Carepa em reuni\u00e3o com a ministra-chefe da Casa Civil, Dilma Roussef, no Pal\u00e1cio do Planalto. No encontro com a ministra, Ana J\u00falia Carepa [&hellip;]<\/p>\n","protected":false},"author":1,"featured_media":0,"comment_status":"open","ping_status":"open","sticky":false,"template":"","format":"standard","meta":{"footnotes":""},"categories":[1],"tags":[],"class_list":["post-7106","post","type-post","status-publish","format-standard","hentry","category-noticias"],"acf":[],"_links":{"self":[{"href":"https:\/\/www.crea-mt.org.br\/portal\/wp-json\/wp\/v2\/posts\/7106","targetHints":{"allow":["GET"]}}],"collection":[{"href":"https:\/\/www.crea-mt.org.br\/portal\/wp-json\/wp\/v2\/posts"}],"about":[{"href":"https:\/\/www.crea-mt.org.br\/portal\/wp-json\/wp\/v2\/types\/post"}],"author":[{"embeddable":true,"href":"https:\/\/www.crea-mt.org.br\/portal\/wp-json\/wp\/v2\/users\/1"}],"replies":[{"embeddable":true,"href":"https:\/\/www.crea-mt.org.br\/portal\/wp-json\/wp\/v2\/comments?post=7106"}],"version-history":[{"count":0,"href":"https:\/\/www.crea-mt.org.br\/portal\/wp-json\/wp\/v2\/posts\/7106\/revisions"}],"wp:attachment":[{"href":"https:\/\/www.crea-mt.org.br\/portal\/wp-json\/wp\/v2\/media?parent=7106"}],"wp:term":[{"taxonomy":"category","embeddable":true,"href":"https:\/\/www.crea-mt.org.br\/portal\/wp-json\/wp\/v2\/categories?post=7106"},{"taxonomy":"post_tag","embeddable":true,"href":"https:\/\/www.crea-mt.org.br\/portal\/wp-json\/wp\/v2\/tags?post=7106"}],"curies":[{"name":"wp","href":"https:\/\/api.w.org\/{rel}","templated":true}]}}