{"id":7098,"date":"2007-03-07T00:00:00","date_gmt":"2007-03-07T03:00:00","guid":{"rendered":"https:\/\/crea-mt.org.br\/portal\/crea-pr-lanca-grupo-de-trabalho-mulher\/"},"modified":"2007-03-07T00:00:00","modified_gmt":"2007-03-07T03:00:00","slug":"crea-pr-lanca-grupo-de-trabalho-mulher","status":"publish","type":"post","link":"https:\/\/www.crea-mt.org.br\/portal\/crea-pr-lanca-grupo-de-trabalho-mulher\/","title":{"rendered":"Crea-PR lan\u00e7a Grupo de Trabalho Mulher"},"content":{"rendered":"<p>No Dia Internacional da Mulher, 8 de mar\u00e7o, o Conselho Regional de Engenharia, Arquitetura e Agronomia do Estado do Paran\u00e1 (Crea-PR) far\u00e1 o lan\u00e7amento do Grupo de Trabalho Mulher. O GT Mulher reunir\u00e1 profissionais das \u00e1reas tecnol\u00f3gicas com vistas \u00e0 valoriza\u00e7\u00e3o da mulher como agente efetivo e eficaz na elabora\u00e7\u00e3o de pol\u00edticas p\u00fablicas para promo\u00e7\u00e3o do desenvolvimento do pa\u00eds. Al\u00e9m disso, o GT ir\u00e1 discutir temas relacionados \u00e0s profiss\u00f5es e \u00e0 divulga\u00e7\u00e3o de iniciativas voltadas \u00e0 tecnologia social com a participa\u00e7\u00e3o das mulheres. <\/p>\n<p>A diretora de planejamento da Companhia de Habita\u00e7\u00e3o Popular de Curitiba (Cohab), arq. Teresa Elvira Gomes de Oliveira, apresentar\u00e1 o programa social &#8220;Urbaniza\u00e7\u00e3o de Assentamentos Prec\u00e1rios&#8221;. Na continuidade do programa, outras profissionais apresentar\u00e3o seus projetos com temas que mostram como a mulher da \u00e1rea tecnol\u00f3gica participa de forma efetiva na constru\u00e7\u00e3o de um mundo mais justo, por meio de projetos sociais desenvolvidos.<\/p>\n<p>O GT Mulher ser\u00e1 apresentado pela arquiteta e conselheira federal Angela Canabrava Buchmann, que tamb\u00e9m far\u00e1 a apresenta\u00e7\u00e3o do GT F\u00f3rum da Mulher Conselho Federal de Engenharia, Arquitetura e Agronomia (Confea) e do Pr\u00eamio F\u00f3rum Mulher, a ser entregue durante a 64.\u00aa Semana Oficial da Engenharia, da Arquitetura e da Agronomia (Soeaa), que ser\u00e1 realizada de 12 a 18 de agosto no Rio de Janeiro (RJ).<\/p>\n<p>Entre os objetivos do trabalho proposto est\u00e1 debater a participa\u00e7\u00e3o das mulheres profissionais da \u00e1rea tecnol\u00f3gica; promover a intera\u00e7\u00e3o das profissionais dos Conselhos Regionais; ampliar os conhecimentos dos problemas que afetam a posi\u00e7\u00e3o da mulher no mercado profissional e reconhecer as profissionais que contribu\u00edram para reverter o quadro diferencial do tratamento dado as mulheres no mercado de trabalho.<\/p>\n<p>N\u00fameros no Paran\u00e1<br \/>\nDados de 2007 do Crea-PR demonstram que dos 14.804 profissionais da Agronomia registrados no Conselho, apenas 11% s\u00e3o mulheres. Na Engenharia Civil, a representatividade feminina \u00e9 de 14%. O mesmo percentual se repete na Geologia e Engenharia de Minas. A exce\u00e7\u00e3o \u00e9 apenas na \u00e1rea de Arquitetura: dos 5.541 profissionais registrados no Conselho, 60% s\u00e3o mulheres<\/p>\n<p>Fonte: Confea<\/p>\n","protected":false},"excerpt":{"rendered":"<p>No Dia Internacional da Mulher, 8 de mar\u00e7o, o Conselho Regional de Engenharia, Arquitetura e Agronomia do Estado do Paran\u00e1 (Crea-PR) far\u00e1 o lan\u00e7amento do Grupo de Trabalho Mulher. O GT Mulher reunir\u00e1 profissionais das \u00e1reas tecnol\u00f3gicas com vistas \u00e0 valoriza\u00e7\u00e3o da mulher como agente efetivo e eficaz na elabora\u00e7\u00e3o de pol\u00edticas p\u00fablicas para promo\u00e7\u00e3o [&hellip;]<\/p>\n","protected":false},"author":1,"featured_media":0,"comment_status":"open","ping_status":"open","sticky":false,"template":"","format":"standard","meta":{"footnotes":""},"categories":[1],"tags":[],"class_list":["post-7098","post","type-post","status-publish","format-standard","hentry","category-noticias"],"acf":[],"_links":{"self":[{"href":"https:\/\/www.crea-mt.org.br\/portal\/wp-json\/wp\/v2\/posts\/7098","targetHints":{"allow":["GET"]}}],"collection":[{"href":"https:\/\/www.crea-mt.org.br\/portal\/wp-json\/wp\/v2\/posts"}],"about":[{"href":"https:\/\/www.crea-mt.org.br\/portal\/wp-json\/wp\/v2\/types\/post"}],"author":[{"embeddable":true,"href":"https:\/\/www.crea-mt.org.br\/portal\/wp-json\/wp\/v2\/users\/1"}],"replies":[{"embeddable":true,"href":"https:\/\/www.crea-mt.org.br\/portal\/wp-json\/wp\/v2\/comments?post=7098"}],"version-history":[{"count":0,"href":"https:\/\/www.crea-mt.org.br\/portal\/wp-json\/wp\/v2\/posts\/7098\/revisions"}],"wp:attachment":[{"href":"https:\/\/www.crea-mt.org.br\/portal\/wp-json\/wp\/v2\/media?parent=7098"}],"wp:term":[{"taxonomy":"category","embeddable":true,"href":"https:\/\/www.crea-mt.org.br\/portal\/wp-json\/wp\/v2\/categories?post=7098"},{"taxonomy":"post_tag","embeddable":true,"href":"https:\/\/www.crea-mt.org.br\/portal\/wp-json\/wp\/v2\/tags?post=7098"}],"curies":[{"name":"wp","href":"https:\/\/api.w.org\/{rel}","templated":true}]}}