{"id":7097,"date":"2007-03-08T00:00:00","date_gmt":"2007-03-08T03:00:00","guid":{"rendered":"https:\/\/crea-mt.org.br\/portal\/euforia-com-etanol-preocupa-ambientalistas-europeus-2\/"},"modified":"2007-03-08T00:00:00","modified_gmt":"2007-03-08T03:00:00","slug":"euforia-com-etanol-preocupa-ambientalistas-europeus-2","status":"publish","type":"post","link":"https:\/\/www.crea-mt.org.br\/portal\/euforia-com-etanol-preocupa-ambientalistas-europeus-2\/","title":{"rendered":"Euforia com etanol preocupa ambientalistas europeus"},"content":{"rendered":"<p>A euforia dos governos brasileiro e americano com o etanol vem preocupando consumidores e ambientalistas de potenciais importadores do biocombust\u00edvel, especialmente na Europa.<\/p>\n<p>&#8220;Existe uma grande preocupa\u00e7\u00e3o em rela\u00e7\u00e3o \u00e0 sustentabilidade (do etanol)&#8221;, afirmou Peter de Pous, especialista em pol\u00edticas p\u00fablicas da EEB &#8211; European Environmental Bureau, associa\u00e7\u00e3o de 140 ONGs ambientais.<\/p>\n<p>Para De Pous, para que o etanol seja considerado uma fonte limpa, \u00e9 preciso levar em conta o tipo de terra usado para o plantio da cana-de-a\u00e7\u00facar, a quantidade de energia despendida em todo o processo de produ\u00e7\u00e3o e transporte do combust\u00edvel, entre outros fatores que, segundo ele, est\u00e3o &#8220;longe de esclarecidos&#8221;.<\/p>\n<p>O jornal brit\u00e2nico The Independent tamb\u00e9m publicou, na capa da sua edi\u00e7\u00e3o de ter\u00e7a-feira, 6, uma reportagem alertando para o que considera uma tentativa de transformar o etanol na panac\u00e9ia dos problemas ambientais do mundo.<\/p>\n<p>Os questionamentos s\u00e3o feitos \u00e0s v\u00e9speras da visita do presidente americano, George W. Bush, ao Brasil, que dever\u00e1 ter como tema central uma parceria entre Bras\u00edlia e Washington para a difus\u00e3o do etanol como fonte alternativa ao petr\u00f3leo.<\/p>\n<p>ONU &#8211; Em visita ao Brasil, o diretor do Pnuma &#8211; Programa da ONU para o Meio Ambiente, Achim Steiner, reconheceu que a possibilidade de uso do etanol e outros combust\u00edveis vem levantando perguntas sobre a sustentabilidade ambiental desses produtos.<\/p>\n<p>&#8220;A quest\u00e3o \u00e9 saber se n\u00f3s podemos trabalhar com pa\u00edses como o Brasil para administrar o risco&#8221;, afirmou Steiner, em entrevista por telefone \u00e0 BBC Brasil. &#8220;O nosso papel \u00e9 levar a ci\u00eancia e os fatos (ao debate).&#8221;<\/p>\n<p>No caso do etanol brasileiro, as maiores preocupa\u00e7\u00f5es est\u00e3o relacionadas ao desmatamento que seria causado para aumentar a \u00e1rea de plantio de cana-de-a\u00e7\u00facar, de forma a atender a demanda internacional.<\/p>\n<p>&#8220;Quando voc\u00ea corta floresta para proteger o clima, \u00e9 contraproducente&#8221;, diz De Pous, do EEB.<\/p>\n<p>O diretor do Pnuma, que se reuniu na ter\u00e7a-feira com o presidente Luiz In\u00e1cio Lula da Silva, em Bras\u00edlia, disse, no entanto, querer refor\u00e7ar as potenciais vantagens do etanol.<\/p>\n<p>&#8220;O mundo deveria ver (o etanol) como uma oportunidade, n\u00e3o como um risco&#8221;, afirmou.<\/p>\n<p>Segundo Steiner, o que falta \u00e9 uma estrutura legal para assegurar a sustentabilidade desses combust\u00edveis e tranq\u00fcilizar consumidores cada vez mais preocupados com a degrada\u00e7\u00e3o ambiental.<\/p>\n<p>Na avalia\u00e7\u00e3o do diretor do Pnuma, o primeiro est\u00e1gio do processo \u00e9 cada pa\u00eds estabelecer o seu pr\u00f3ximo sistema legal ou de certifica\u00e7\u00e3o e apenas posteriormente levar a discuss\u00e3o para o \u00e2mbito internacional.<\/p>\n<p>&#8220;\u00c9 muito mais f\u00e1cil discutir dentro das fronteiras nacionais do que entre 190 pa\u00edses&#8221;, enfatizou.<\/p>\n<p>Steiner disse ter levado a mensagem ao governo brasileiro, que, segundo ele, mesmo ainda n\u00e3o tendo uma estrutura legal pr\u00f3pria para regulamentar a produ\u00e7\u00e3o de etanol do ponto de vista ambiental, teria reagido de forma &#8220;muito positiva&#8221; \u00e0 id\u00e9ia.<\/p>\n<p>Para o European Environmental Bureau, a certifica\u00e7\u00e3o internacional \u00e9 o melhor caminho para assegurar que a produ\u00e7\u00e3o dos chamados biocombust\u00edveis \u00e9, de acordo com a escala e os m\u00e9todos utilizados, de fato limpa. <\/p>\n<p>Fonte: BBC Brasil\/Estad\u00e3o Online.<\/p>\n","protected":false},"excerpt":{"rendered":"<p>A euforia dos governos brasileiro e americano com o etanol vem preocupando consumidores e ambientalistas de potenciais importadores do biocombust\u00edvel, especialmente na Europa. &#8220;Existe uma grande preocupa\u00e7\u00e3o em rela\u00e7\u00e3o \u00e0 sustentabilidade (do etanol)&#8221;, afirmou Peter de Pous, especialista em pol\u00edticas p\u00fablicas da EEB &#8211; European Environmental Bureau, associa\u00e7\u00e3o de 140 ONGs ambientais. Para De Pous, [&hellip;]<\/p>\n","protected":false},"author":1,"featured_media":0,"comment_status":"open","ping_status":"open","sticky":false,"template":"","format":"standard","meta":{"footnotes":""},"categories":[1],"tags":[],"class_list":["post-7097","post","type-post","status-publish","format-standard","hentry","category-noticias"],"acf":[],"_links":{"self":[{"href":"https:\/\/www.crea-mt.org.br\/portal\/wp-json\/wp\/v2\/posts\/7097","targetHints":{"allow":["GET"]}}],"collection":[{"href":"https:\/\/www.crea-mt.org.br\/portal\/wp-json\/wp\/v2\/posts"}],"about":[{"href":"https:\/\/www.crea-mt.org.br\/portal\/wp-json\/wp\/v2\/types\/post"}],"author":[{"embeddable":true,"href":"https:\/\/www.crea-mt.org.br\/portal\/wp-json\/wp\/v2\/users\/1"}],"replies":[{"embeddable":true,"href":"https:\/\/www.crea-mt.org.br\/portal\/wp-json\/wp\/v2\/comments?post=7097"}],"version-history":[{"count":0,"href":"https:\/\/www.crea-mt.org.br\/portal\/wp-json\/wp\/v2\/posts\/7097\/revisions"}],"wp:attachment":[{"href":"https:\/\/www.crea-mt.org.br\/portal\/wp-json\/wp\/v2\/media?parent=7097"}],"wp:term":[{"taxonomy":"category","embeddable":true,"href":"https:\/\/www.crea-mt.org.br\/portal\/wp-json\/wp\/v2\/categories?post=7097"},{"taxonomy":"post_tag","embeddable":true,"href":"https:\/\/www.crea-mt.org.br\/portal\/wp-json\/wp\/v2\/tags?post=7097"}],"curies":[{"name":"wp","href":"https:\/\/api.w.org\/{rel}","templated":true}]}}