{"id":7095,"date":"2007-03-08T00:00:00","date_gmt":"2007-03-08T03:00:00","guid":{"rendered":"https:\/\/crea-mt.org.br\/portal\/relatorio-final-do-ipcc-sera-divulgado-em-outubro-no-rio-de-janeiro\/"},"modified":"2007-03-08T00:00:00","modified_gmt":"2007-03-08T03:00:00","slug":"relatorio-final-do-ipcc-sera-divulgado-em-outubro-no-rio-de-janeiro","status":"publish","type":"post","link":"https:\/\/www.crea-mt.org.br\/portal\/relatorio-final-do-ipcc-sera-divulgado-em-outubro-no-rio-de-janeiro\/","title":{"rendered":"Relat\u00f3rio final do IPCC ser\u00e1 divulgado em outubro no Rio de Janeiro"},"content":{"rendered":"<p>Quinze anos depois da Rio-92, a capital fluminense vai ser novamente o centro mundial das discuss\u00f5es sobre o meio ambiente. Durante a assinatura de um protocolo de coopera\u00e7\u00e3o para redu\u00e7\u00e3o de gases do efeito estufa entre o governo do Estado e o Pnuma &#8211; Programa das Na\u00e7\u00f5es Unidas para o Meio Ambiente, foi anunciado que o relat\u00f3rio final do Painel Intergovernamental sobre Mudan\u00e7as Clim\u00e1ticas (IPCC, na sigla em ingl\u00eas) vai ser divulgado na cidade, nos dias 24 e 25 de outubro.<\/p>\n<p>&#8220;Precisamos dar respostas a esse desastre clim\u00e1tico que n\u00f3s provocamos. O Rio n\u00e3o tem obriga\u00e7\u00e3o de reduzir as emiss\u00f5es dos gases do efeito estufa (previsto no Protocolo de Kyoto), mas vamos dar o exemplo. N\u00e3o s\u00f3 tentando reduzi-las, como chamando para c\u00e1 a divulga\u00e7\u00e3o do relat\u00f3rio do IPCC&#8221;, disse o secret\u00e1rio do Ambiente, Carlos Minc.<\/p>\n<p>Estudo do painel intergovernamental, lan\u00e7ado em fevereiro, surpreendeu ainda mais o mundo, ao estimar que a temperatura m\u00e9dia da Terra deve subir de 1,8\u00ba C a 4\u00ba C cent\u00edgrados at\u00e9 2100, provocando o aumento do n\u00edvel dos oceanos de at\u00e9 59 cent\u00edmetros.<\/p>\n<p>O evento de assinatura foi realizado na sede da FBDS &#8211; Funda\u00e7\u00e3o Brasileira para o Desenvolvimento Sustent\u00e1vel, em S\u00e3o Conrado, na zona sul do Rio. Minc explicou que o Rio \u00e9 o primeiro Estado do Pa\u00eds a assinar protocolo de coopera\u00e7\u00e3o com o Pnuma.<\/p>\n<p>Segundo o secret\u00e1rio, a ONU ficou interessada em cooperar com o Rio ao saber que o Estado criou a Superintend\u00eancia de Clima e Mercado de Carbono. Na assinatura, o diretor-executivo do Pnuma, Achim Steiner, destacou que o Brasil descobriu que a diminui\u00e7\u00e3o dos gases n\u00e3o \u00e9 uma responsabilidade s\u00f3 dos pa\u00edses da Am\u00e9rica do Norte e da Europa. Mas ressalvou que o presidente Lula tem todo o poder e a convic\u00e7\u00e3o para ir aos f\u00f3runs dos pa\u00edses ricos e expressar sua frustra\u00e7\u00e3o diante do n\u00e3o-cumprimento das metas estabelecidas para essas na\u00e7\u00f5es.<\/p>\n<p>&#8220;O Brasil tem uma posi\u00e7\u00e3o chave&#8221;, declarou Steiner, alertando que todos precisam colaborar, j\u00e1 que, segundo ele, a comunidade internacional est\u00e1 paralisada. Ele lembrou que faltam 15 anos para que alcancemos um aumento de 2\u00ba C na temperatura do planeta. H\u00e1 estudos que mostram que o aumento da temperatura na Amaz\u00f4nia poder\u00e1 ser de mais 8\u00ba C.<\/p>\n<p>Steiner disse ainda que o aquecimento global j\u00e1 est\u00e1 provocando mudan\u00e7as na economia. E hoje os empres\u00e1rios t\u00eam de pensar duas vezes onde investir seu dinheiro, pois n\u00e3o sabem como as altera\u00e7\u00f5es clim\u00e1ticas v\u00e3o afetar o mercado. O acordo com o Pnuma far\u00e1 com que o Estado do Rio tenha condi\u00e7\u00f5es de quantificar as emiss\u00f5es dos gases do efeito estufa, informa\u00e7\u00e3o ainda desconhecida.<\/p>\n<p>Fonte: Estad\u00e3o Online.<\/p>\n","protected":false},"excerpt":{"rendered":"<p>Quinze anos depois da Rio-92, a capital fluminense vai ser novamente o centro mundial das discuss\u00f5es sobre o meio ambiente. Durante a assinatura de um protocolo de coopera\u00e7\u00e3o para redu\u00e7\u00e3o de gases do efeito estufa entre o governo do Estado e o Pnuma &#8211; Programa das Na\u00e7\u00f5es Unidas para o Meio Ambiente, foi anunciado que [&hellip;]<\/p>\n","protected":false},"author":1,"featured_media":0,"comment_status":"open","ping_status":"open","sticky":false,"template":"","format":"standard","meta":{"footnotes":""},"categories":[1],"tags":[],"class_list":["post-7095","post","type-post","status-publish","format-standard","hentry","category-noticias"],"acf":[],"_links":{"self":[{"href":"https:\/\/www.crea-mt.org.br\/portal\/wp-json\/wp\/v2\/posts\/7095","targetHints":{"allow":["GET"]}}],"collection":[{"href":"https:\/\/www.crea-mt.org.br\/portal\/wp-json\/wp\/v2\/posts"}],"about":[{"href":"https:\/\/www.crea-mt.org.br\/portal\/wp-json\/wp\/v2\/types\/post"}],"author":[{"embeddable":true,"href":"https:\/\/www.crea-mt.org.br\/portal\/wp-json\/wp\/v2\/users\/1"}],"replies":[{"embeddable":true,"href":"https:\/\/www.crea-mt.org.br\/portal\/wp-json\/wp\/v2\/comments?post=7095"}],"version-history":[{"count":0,"href":"https:\/\/www.crea-mt.org.br\/portal\/wp-json\/wp\/v2\/posts\/7095\/revisions"}],"wp:attachment":[{"href":"https:\/\/www.crea-mt.org.br\/portal\/wp-json\/wp\/v2\/media?parent=7095"}],"wp:term":[{"taxonomy":"category","embeddable":true,"href":"https:\/\/www.crea-mt.org.br\/portal\/wp-json\/wp\/v2\/categories?post=7095"},{"taxonomy":"post_tag","embeddable":true,"href":"https:\/\/www.crea-mt.org.br\/portal\/wp-json\/wp\/v2\/tags?post=7095"}],"curies":[{"name":"wp","href":"https:\/\/api.w.org\/{rel}","templated":true}]}}