{"id":7088,"date":"2007-03-08T00:00:00","date_gmt":"2007-03-08T03:00:00","guid":{"rendered":"https:\/\/crea-mt.org.br\/portal\/a-importancia-do-equilibrio-corporal\/"},"modified":"2007-03-08T00:00:00","modified_gmt":"2007-03-08T03:00:00","slug":"a-importancia-do-equilibrio-corporal","status":"publish","type":"post","link":"https:\/\/www.crea-mt.org.br\/portal\/a-importancia-do-equilibrio-corporal\/","title":{"rendered":"A import\u00e2ncia do equil\u00edbrio corporal"},"content":{"rendered":"<p>Pesquisas coordenadas pela professora Antonia Dalla Pria Bankoff, da FEF, revelam que as oscila\u00e7\u00f5es corporais de um hipertenso s\u00e3o maiores quando comparadas \u00e0s de uma pessoa com n\u00edveis de press\u00e3o arterial normal. As oscila\u00e7\u00f5es exp\u00f5em o hipertenso ao risco de acidentes, sobretudo na primeira meia hora ap\u00f3s a ingest\u00e3o do medicamento de controle da doen\u00e7a. Laborat\u00f3rio da FEF tem auxiliado no diagn\u00f3stico de problemas ligados \u00e0 estabilidade corporal. <\/p>\n<p>Fonte: Unicamp.<\/p>\n","protected":false},"excerpt":{"rendered":"<p>Pesquisas coordenadas pela professora Antonia Dalla Pria Bankoff, da FEF, revelam que as oscila\u00e7\u00f5es corporais de um hipertenso s\u00e3o maiores quando comparadas \u00e0s de uma pessoa com n\u00edveis de press\u00e3o arterial normal. As oscila\u00e7\u00f5es exp\u00f5em o hipertenso ao risco de acidentes, sobretudo na primeira meia hora ap\u00f3s a ingest\u00e3o do medicamento de controle da doen\u00e7a. [&hellip;]<\/p>\n","protected":false},"author":1,"featured_media":0,"comment_status":"open","ping_status":"open","sticky":false,"template":"","format":"standard","meta":{"footnotes":""},"categories":[1],"tags":[],"class_list":["post-7088","post","type-post","status-publish","format-standard","hentry","category-noticias"],"acf":[],"_links":{"self":[{"href":"https:\/\/www.crea-mt.org.br\/portal\/wp-json\/wp\/v2\/posts\/7088","targetHints":{"allow":["GET"]}}],"collection":[{"href":"https:\/\/www.crea-mt.org.br\/portal\/wp-json\/wp\/v2\/posts"}],"about":[{"href":"https:\/\/www.crea-mt.org.br\/portal\/wp-json\/wp\/v2\/types\/post"}],"author":[{"embeddable":true,"href":"https:\/\/www.crea-mt.org.br\/portal\/wp-json\/wp\/v2\/users\/1"}],"replies":[{"embeddable":true,"href":"https:\/\/www.crea-mt.org.br\/portal\/wp-json\/wp\/v2\/comments?post=7088"}],"version-history":[{"count":0,"href":"https:\/\/www.crea-mt.org.br\/portal\/wp-json\/wp\/v2\/posts\/7088\/revisions"}],"wp:attachment":[{"href":"https:\/\/www.crea-mt.org.br\/portal\/wp-json\/wp\/v2\/media?parent=7088"}],"wp:term":[{"taxonomy":"category","embeddable":true,"href":"https:\/\/www.crea-mt.org.br\/portal\/wp-json\/wp\/v2\/categories?post=7088"},{"taxonomy":"post_tag","embeddable":true,"href":"https:\/\/www.crea-mt.org.br\/portal\/wp-json\/wp\/v2\/tags?post=7088"}],"curies":[{"name":"wp","href":"https:\/\/api.w.org\/{rel}","templated":true}]}}