{"id":7085,"date":"2007-03-08T00:00:00","date_gmt":"2007-03-08T03:00:00","guid":{"rendered":"https:\/\/crea-mt.org.br\/portal\/anatel-autoriza-telefonica-a-atuar-em-tv-via-satelite\/"},"modified":"2007-03-08T00:00:00","modified_gmt":"2007-03-08T03:00:00","slug":"anatel-autoriza-telefonica-a-atuar-em-tv-via-satelite","status":"publish","type":"post","link":"https:\/\/www.crea-mt.org.br\/portal\/anatel-autoriza-telefonica-a-atuar-em-tv-via-satelite\/","title":{"rendered":"Anatel autoriza Telef\u00f4nica a atuar em TV via sat\u00e9lite"},"content":{"rendered":"<p>Ziller, da Anatel: n\u00e3o h\u00e1 impedimento para uma operadora de telefonia entrar em DTH<\/p>\n<p>Ap\u00f3s dez meses de espera, a Telef\u00f4nica obteve licen\u00e7a da Ag\u00eancia Nacional de Telecomunica\u00e7\u00f5es (Anatel) para operar no mercado de televis\u00e3o por assinatura. O \u00f3rg\u00e3o regulador deu autoriza\u00e7\u00e3o definitiva para a operadora espanhola oferecer pacotes de TV sat\u00e9lite (DTH, na sigla em ingl\u00eas adotada pelo mercado) e concorrer em um segmento hoje liderado pela Sky. O pedido de licen\u00e7a havia sido encaminhado \u00e0 Anatel em maio do ano passado.<\/p>\n<p>Fonte: Valor Econ\u00f4mico.<\/p>\n","protected":false},"excerpt":{"rendered":"<p>Ziller, da Anatel: n\u00e3o h\u00e1 impedimento para uma operadora de telefonia entrar em DTH Ap\u00f3s dez meses de espera, a Telef\u00f4nica obteve licen\u00e7a da Ag\u00eancia Nacional de Telecomunica\u00e7\u00f5es (Anatel) para operar no mercado de televis\u00e3o por assinatura. O \u00f3rg\u00e3o regulador deu autoriza\u00e7\u00e3o definitiva para a operadora espanhola oferecer pacotes de TV sat\u00e9lite (DTH, na sigla [&hellip;]<\/p>\n","protected":false},"author":1,"featured_media":0,"comment_status":"open","ping_status":"open","sticky":false,"template":"","format":"standard","meta":{"footnotes":""},"categories":[1],"tags":[],"class_list":["post-7085","post","type-post","status-publish","format-standard","hentry","category-noticias"],"acf":[],"_links":{"self":[{"href":"https:\/\/www.crea-mt.org.br\/portal\/wp-json\/wp\/v2\/posts\/7085","targetHints":{"allow":["GET"]}}],"collection":[{"href":"https:\/\/www.crea-mt.org.br\/portal\/wp-json\/wp\/v2\/posts"}],"about":[{"href":"https:\/\/www.crea-mt.org.br\/portal\/wp-json\/wp\/v2\/types\/post"}],"author":[{"embeddable":true,"href":"https:\/\/www.crea-mt.org.br\/portal\/wp-json\/wp\/v2\/users\/1"}],"replies":[{"embeddable":true,"href":"https:\/\/www.crea-mt.org.br\/portal\/wp-json\/wp\/v2\/comments?post=7085"}],"version-history":[{"count":0,"href":"https:\/\/www.crea-mt.org.br\/portal\/wp-json\/wp\/v2\/posts\/7085\/revisions"}],"wp:attachment":[{"href":"https:\/\/www.crea-mt.org.br\/portal\/wp-json\/wp\/v2\/media?parent=7085"}],"wp:term":[{"taxonomy":"category","embeddable":true,"href":"https:\/\/www.crea-mt.org.br\/portal\/wp-json\/wp\/v2\/categories?post=7085"},{"taxonomy":"post_tag","embeddable":true,"href":"https:\/\/www.crea-mt.org.br\/portal\/wp-json\/wp\/v2\/tags?post=7085"}],"curies":[{"name":"wp","href":"https:\/\/api.w.org\/{rel}","templated":true}]}}