{"id":7083,"date":"2007-03-08T00:00:00","date_gmt":"2007-03-08T03:00:00","guid":{"rendered":"https:\/\/crea-mt.org.br\/portal\/reforma-preve-desmilitarizacao-do-setor-aereo\/"},"modified":"2007-03-08T00:00:00","modified_gmt":"2007-03-08T03:00:00","slug":"reforma-preve-desmilitarizacao-do-setor-aereo","status":"publish","type":"post","link":"https:\/\/www.crea-mt.org.br\/portal\/reforma-preve-desmilitarizacao-do-setor-aereo\/","title":{"rendered":"Reforma prev\u00ea desmilitariza\u00e7\u00e3o do setor a\u00e9reo"},"content":{"rendered":"<p>O presidente Luiz In\u00e1cio Lula da Silva deve aproveitar a cria\u00e7\u00e3o da Secretaria de Portos e Aeroportos, com status de minist\u00e9rio, para desmilitarizar a administra\u00e7\u00e3o da avia\u00e7\u00e3o civil. Ontem, Lula confidenciou a um pol\u00edtico aliado que est\u00e1 &#8220;determinado&#8221; a criar a secretaria, devendo fazer o an\u00fancio oficial na pr\u00f3xima semana, provavelmente na quarta-feira, quando poder\u00e1 divulgar a nova equipe ministerial.<\/p>\n<p>O presidente, segundo apurou o Valor, tem manifestado &#8220;descontentamento permanente&#8221; com tr\u00eas \u00e1reas do governo &#8211; a administra\u00e7\u00e3o dos aeroportos, do tr\u00e1fego a\u00e9reo e dos portos. Se a secretaria for criada, a Infraero, a estatal que administra os aeroportos e que hoje est\u00e1 sob os cuidados do Minist\u00e9rio da Defesa, ser\u00e1 transferida para o novo \u00f3rg\u00e3o. O controle do tr\u00e1fego a\u00e9reo tamb\u00e9m \u00e9 administrado pela Defesa (a Aeron\u00e1utica) e, com a nova estrutura, tamb\u00e9m deve ser transferido, bem como a Ag\u00eancia Nacional da Avia\u00e7\u00e3o Civil (Anac).<\/p>\n<p>Pertencentes hoje \u00e0 estrutura do Minist\u00e9rio dos Transportes, o Departamento Aquavi\u00e1rio e as companhias docas, que administram os portos, tamb\u00e9m devem passar a ser responsabilidade da nova secretaria. Na avalia\u00e7\u00e3o de assessores de Lula, as aten\u00e7\u00f5es do Minist\u00e9rio dos Transportes est\u00e3o voltadas hoje prioritariamente para a administra\u00e7\u00e3o das estradas federais. &#8220;A primazia, tanto na Defesa quanto nos Transportes, \u00e9 de outros assuntos&#8221;, diz uma fonte do governo.<\/p>\n<p>O deputado Beto Albuquerque (PSB-RS), atual vice-l\u00edder do governo na C\u00e2mara, \u00e9 o mais cotado para a Secretaria de Portos e Aeroportos. Ele conhece bem a \u00e1rea. Foi secret\u00e1rio de Transportes do Rio Grande do Sul, durante tr\u00eas anos e meio, na gest\u00e3o Ol\u00edvio Dutra (1999-2002). A sua nomea\u00e7\u00e3o ajudaria a recompor o espa\u00e7o do PSB no governo, uma vez que o partido perder\u00e1 para o deputado Geddel Vieira Lima, do PMDB da Bahia, o comando da Integra\u00e7\u00e3o Nacional.<\/p>\n<p>Lula deve nomear o atual ministro do Turismo, Walfrido dos Mares Guia, para as Rela\u00e7\u00f5es Institucionais, deslocando o atual coordenador pol\u00edtico, Tarso Genro, para o Minist\u00e9rio da Justi\u00e7a. O presidente pode convidar Marta Suplicy, do PT, para o Turismo, mas, se a oferta n\u00e3o for aceita, Walfrido poder\u00e1 acumular a fun\u00e7\u00e3o, por um tempo, com a articula\u00e7\u00e3o pol\u00edtica.<\/p>\n<p>Para a presid\u00eancia da Infraero, o nome do ex-senador Fernando Bezerra, do PTB, surge como favorito. Ex-l\u00edder do governo no Congresso, Bezerra perdeu a reelei\u00e7\u00e3o ao Senado e ficou sem mandato. O ex-senador disputa a Infraero com o atual presidente da estatal, brigadeiro Jos\u00e9 Carlos Pereira. Corre por fora o ex-deputado Airton Soares, integrante do conselho de administra\u00e7\u00e3o da Infraero e admirado pela ministra da Casa Civil, Dilma Rousseff.<\/p>\n<p>Jos\u00e9 Antonio Dias Toffoli, ex-advogado do presidente Lula, dever\u00e1 ser nomeado advogado-geral da Uni\u00e3o. Ex-assessor de Jos\u00e9 Dirceu na Casa Civil, Toffoli se reuniu recentemente com o atual advogado-geral, ministro \u00c1lvaro Augusto Costa, para obter detalhes sobre o cargo. Toffoli foi advogado de Lula junto ao Tribunal Superior Eleitoral nas \u00faltimas tr\u00eas elei\u00e7\u00f5es presidenciais.<\/p>\n<p>Fonte: Valor Econ\u00f4mico.<\/p>\n","protected":false},"excerpt":{"rendered":"<p>O presidente Luiz In\u00e1cio Lula da Silva deve aproveitar a cria\u00e7\u00e3o da Secretaria de Portos e Aeroportos, com status de minist\u00e9rio, para desmilitarizar a administra\u00e7\u00e3o da avia\u00e7\u00e3o civil. Ontem, Lula confidenciou a um pol\u00edtico aliado que est\u00e1 &#8220;determinado&#8221; a criar a secretaria, devendo fazer o an\u00fancio oficial na pr\u00f3xima semana, provavelmente na quarta-feira, quando poder\u00e1 [&hellip;]<\/p>\n","protected":false},"author":1,"featured_media":0,"comment_status":"open","ping_status":"open","sticky":false,"template":"","format":"standard","meta":{"footnotes":""},"categories":[1],"tags":[],"class_list":["post-7083","post","type-post","status-publish","format-standard","hentry","category-noticias"],"acf":[],"_links":{"self":[{"href":"https:\/\/www.crea-mt.org.br\/portal\/wp-json\/wp\/v2\/posts\/7083","targetHints":{"allow":["GET"]}}],"collection":[{"href":"https:\/\/www.crea-mt.org.br\/portal\/wp-json\/wp\/v2\/posts"}],"about":[{"href":"https:\/\/www.crea-mt.org.br\/portal\/wp-json\/wp\/v2\/types\/post"}],"author":[{"embeddable":true,"href":"https:\/\/www.crea-mt.org.br\/portal\/wp-json\/wp\/v2\/users\/1"}],"replies":[{"embeddable":true,"href":"https:\/\/www.crea-mt.org.br\/portal\/wp-json\/wp\/v2\/comments?post=7083"}],"version-history":[{"count":0,"href":"https:\/\/www.crea-mt.org.br\/portal\/wp-json\/wp\/v2\/posts\/7083\/revisions"}],"wp:attachment":[{"href":"https:\/\/www.crea-mt.org.br\/portal\/wp-json\/wp\/v2\/media?parent=7083"}],"wp:term":[{"taxonomy":"category","embeddable":true,"href":"https:\/\/www.crea-mt.org.br\/portal\/wp-json\/wp\/v2\/categories?post=7083"},{"taxonomy":"post_tag","embeddable":true,"href":"https:\/\/www.crea-mt.org.br\/portal\/wp-json\/wp\/v2\/tags?post=7083"}],"curies":[{"name":"wp","href":"https:\/\/api.w.org\/{rel}","templated":true}]}}