{"id":7080,"date":"2007-03-08T00:00:00","date_gmt":"2007-03-08T03:00:00","guid":{"rendered":"https:\/\/crea-mt.org.br\/portal\/dia-da-mulher-mulheres-do-sistema-confeacrea-sao-homenageadas-2\/"},"modified":"2007-03-08T00:00:00","modified_gmt":"2007-03-08T03:00:00","slug":"dia-da-mulher-mulheres-do-sistema-confeacrea-sao-homenageadas-2","status":"publish","type":"post","link":"https:\/\/www.crea-mt.org.br\/portal\/dia-da-mulher-mulheres-do-sistema-confeacrea-sao-homenageadas-2\/","title":{"rendered":"DIA DA MULHER: Mulheres do Sistema Confea\/Crea s\u00e3o homenageadas"},"content":{"rendered":"<p>Para marcar o Dia Internacional da Mulher, celebrado em 8 de mar\u00e7o, o Conselho Regional de Engenharia, Arquitetura e Agronomia de Mato Grosso (Crea-MT), preparou uma homenagem disponibilizando um Fulll Banner &#8211; letreiro eletr\u00f4nico, com mensagens rotativas falando da import\u00e2ncia da mulher, tanto no ambiente profissional quanto no familiar.  <\/p>\n<p>O quadro de pessoal do Crea-MT aponta 75 mulheres, o que representa 70% dos funcion\u00e1rios. Em uma demonstra\u00e7\u00e3o de reconhecimento ao trabalho desenvolvido por estas mulheres e em comemora\u00e7\u00e3o ao Dia Internacional da Mulher, o presidente do Crea-MT, Tarciso Bassan, solicitou a confec\u00e7\u00e3o do letreiro eletr\u00f4nico que est\u00e1 dispon\u00edvel no site do \u00f3rg\u00e3o www.crea-mt.org.br e em sites de not\u00edcia do Estado.<\/p>\n<p>&#8220;\u00c9 com satisfa\u00e7\u00e3o que tenho percebido o resultado da atua\u00e7\u00e3o destacada das mulheres em todos os locais por onde passei. Al\u00e9m da qualidade no trabalho, todas t\u00eam a capacidade de construir amizades, transformando o ambiente de trabalho&#8221;, destacou Tarciso Bassan.<\/p>\n<p>Para a gerente geral do \u00f3rg\u00e3o, M\u00e1rcia Margareth dos Santos Caldas, a atitude do presidente, ao prestar esta homenagem \u00e0s mulheres, representa n\u00e3o s\u00f3 reconhecimento profissional como tamb\u00e9m uma demonstra\u00e7\u00e3o de carinho. &#8220;Ficamos felizes com a iniciativa. Gestos como este, nos motivam ainda mais no nosso dia-a-dia&#8221;, ressaltou.<\/p>\n<p>*Rafaela Maximiano<br \/>\nAssessoria\/Crea-MT<\/p>\n","protected":false},"excerpt":{"rendered":"<p>Para marcar o Dia Internacional da Mulher, celebrado em 8 de mar\u00e7o, o Conselho Regional de Engenharia, Arquitetura e Agronomia de Mato Grosso (Crea-MT), preparou uma homenagem disponibilizando um Fulll Banner &#8211; letreiro eletr\u00f4nico, com mensagens rotativas falando da import\u00e2ncia da mulher, tanto no ambiente profissional quanto no familiar. O quadro de pessoal do Crea-MT [&hellip;]<\/p>\n","protected":false},"author":1,"featured_media":0,"comment_status":"open","ping_status":"open","sticky":false,"template":"","format":"standard","meta":{"footnotes":""},"categories":[1],"tags":[],"class_list":["post-7080","post","type-post","status-publish","format-standard","hentry","category-noticias"],"acf":[],"_links":{"self":[{"href":"https:\/\/www.crea-mt.org.br\/portal\/wp-json\/wp\/v2\/posts\/7080","targetHints":{"allow":["GET"]}}],"collection":[{"href":"https:\/\/www.crea-mt.org.br\/portal\/wp-json\/wp\/v2\/posts"}],"about":[{"href":"https:\/\/www.crea-mt.org.br\/portal\/wp-json\/wp\/v2\/types\/post"}],"author":[{"embeddable":true,"href":"https:\/\/www.crea-mt.org.br\/portal\/wp-json\/wp\/v2\/users\/1"}],"replies":[{"embeddable":true,"href":"https:\/\/www.crea-mt.org.br\/portal\/wp-json\/wp\/v2\/comments?post=7080"}],"version-history":[{"count":0,"href":"https:\/\/www.crea-mt.org.br\/portal\/wp-json\/wp\/v2\/posts\/7080\/revisions"}],"wp:attachment":[{"href":"https:\/\/www.crea-mt.org.br\/portal\/wp-json\/wp\/v2\/media?parent=7080"}],"wp:term":[{"taxonomy":"category","embeddable":true,"href":"https:\/\/www.crea-mt.org.br\/portal\/wp-json\/wp\/v2\/categories?post=7080"},{"taxonomy":"post_tag","embeddable":true,"href":"https:\/\/www.crea-mt.org.br\/portal\/wp-json\/wp\/v2\/tags?post=7080"}],"curies":[{"name":"wp","href":"https:\/\/api.w.org\/{rel}","templated":true}]}}