{"id":7079,"date":"2007-03-08T00:00:00","date_gmt":"2007-03-08T03:00:00","guid":{"rendered":"https:\/\/crea-mt.org.br\/portal\/pesquisa-questao-ambiental-conta-na-hora-de-comprar\/"},"modified":"2007-03-08T00:00:00","modified_gmt":"2007-03-08T03:00:00","slug":"pesquisa-questao-ambiental-conta-na-hora-de-comprar","status":"publish","type":"post","link":"https:\/\/www.crea-mt.org.br\/portal\/pesquisa-questao-ambiental-conta-na-hora-de-comprar\/","title":{"rendered":"PESQUISA: Quest\u00e3o ambiental conta na hora de comprar"},"content":{"rendered":"<p>Cada vez mais os consumidores est\u00e3o se mostrando preocupados em saber se os produtos que consomem s\u00e3o feitos por empresas com responsabilidade socioambiental. Prova disso \u00e9 o resultado de uma pesquisa feita pela TNS\/InterScience: 51% dos consumidores entrevistados disseram considerar este um fator importante na sua decis\u00e3o de compra. Essa tend\u00eancia \u00e9 acompanhada tamb\u00e9m pelo setor madeireiro e moveleiro. Os produtos de madeira certificada podem utilizar um selo, que comprova a responsabilidade socioambiental da empresa. Mas, isto \u00e9 avaliado de formas diferentes pelos consumidores. De acordo com a pesquisa, 72% das pessoas de classe A consideram este um item muito importante, por\u00e9m, apenas 17% dos consumidores em geral escolhe uma empresa de acordo com seu comportamento socialmente respons\u00e1vel. Mesmo assim, este fator est\u00e1 cada vez ganhando mais import\u00e2ncia entre os crit\u00e9rios considerados fundamentais na hora de comprar &#8211; de 2005 para 2006, houve aumento de 7% nesse n\u00famero. Mais da metade dos entrevistados disseram que a responsabilidade social \u00e9 mais importante at\u00e9 que o pre\u00e7o, que ficou com 46%. J\u00e1 a qualidade e o atendimento sa\u00edram na frente, com 61% e 58% das lembran\u00e7as, respectivamente.<\/p>\n<p>Fonte: Equipe Emobile.<\/p>\n","protected":false},"excerpt":{"rendered":"<p>Cada vez mais os consumidores est\u00e3o se mostrando preocupados em saber se os produtos que consomem s\u00e3o feitos por empresas com responsabilidade socioambiental. Prova disso \u00e9 o resultado de uma pesquisa feita pela TNS\/InterScience: 51% dos consumidores entrevistados disseram considerar este um fator importante na sua decis\u00e3o de compra. Essa tend\u00eancia \u00e9 acompanhada tamb\u00e9m pelo [&hellip;]<\/p>\n","protected":false},"author":1,"featured_media":0,"comment_status":"open","ping_status":"open","sticky":false,"template":"","format":"standard","meta":{"footnotes":""},"categories":[1],"tags":[],"class_list":["post-7079","post","type-post","status-publish","format-standard","hentry","category-noticias"],"acf":[],"_links":{"self":[{"href":"https:\/\/www.crea-mt.org.br\/portal\/wp-json\/wp\/v2\/posts\/7079","targetHints":{"allow":["GET"]}}],"collection":[{"href":"https:\/\/www.crea-mt.org.br\/portal\/wp-json\/wp\/v2\/posts"}],"about":[{"href":"https:\/\/www.crea-mt.org.br\/portal\/wp-json\/wp\/v2\/types\/post"}],"author":[{"embeddable":true,"href":"https:\/\/www.crea-mt.org.br\/portal\/wp-json\/wp\/v2\/users\/1"}],"replies":[{"embeddable":true,"href":"https:\/\/www.crea-mt.org.br\/portal\/wp-json\/wp\/v2\/comments?post=7079"}],"version-history":[{"count":0,"href":"https:\/\/www.crea-mt.org.br\/portal\/wp-json\/wp\/v2\/posts\/7079\/revisions"}],"wp:attachment":[{"href":"https:\/\/www.crea-mt.org.br\/portal\/wp-json\/wp\/v2\/media?parent=7079"}],"wp:term":[{"taxonomy":"category","embeddable":true,"href":"https:\/\/www.crea-mt.org.br\/portal\/wp-json\/wp\/v2\/categories?post=7079"},{"taxonomy":"post_tag","embeddable":true,"href":"https:\/\/www.crea-mt.org.br\/portal\/wp-json\/wp\/v2\/tags?post=7079"}],"curies":[{"name":"wp","href":"https:\/\/api.w.org\/{rel}","templated":true}]}}