{"id":7078,"date":"2007-03-09T00:00:00","date_gmt":"2007-03-09T03:00:00","guid":{"rendered":"https:\/\/crea-mt.org.br\/portal\/crea-lanca-6o-congresso-capixaba-de-profissionais-da\/"},"modified":"2007-03-09T00:00:00","modified_gmt":"2007-03-09T03:00:00","slug":"crea-lanca-6o-congresso-capixaba-de-profissionais-da","status":"publish","type":"post","link":"https:\/\/www.crea-mt.org.br\/portal\/crea-lanca-6o-congresso-capixaba-de-profissionais-da\/","title":{"rendered":"Crea lan\u00e7a  6\u00ba Congresso Capixaba de Profissionais da"},"content":{"rendered":"<p>O  Plen\u00e1rio  da  Assembl\u00e9ia  Legislativa do Estado do Esp\u00edrito Santo ser\u00e1<br \/>\n  palco,  nesta  sexta-feira  (9\/3),  a partir das 16h, do lan\u00e7amento do 6\u00ba<br \/>\n  Congresso   Capixaba   de  Profissionais  da  Engenharia,  Arquitetura  e<br \/>\n  Agronomia   (Concea)  e  da  abertura  do  11\u00ba  Planejamento  Estrat\u00e9gico<br \/>\n  Institucional do Crea-ES.<\/p>\n<p>  O  Presidente do Crea-ES, Eng. Civil Luis Fiorotti conduzir\u00e1 os trabalhos<br \/>\n  e  os  participantes e convidados poder\u00e3o conhecer um pouco mais sobre as<br \/>\n  pol\u00edticas  de  atua\u00e7\u00e3o  do  Sistema  Confea\/Crea por meio da exposi\u00e7\u00e3o do<br \/>\n  Presidente  do  Conselho  Federal  de Engenharia, Arquitetura e Agronomia<br \/>\n  (Confea),  Eng.  Civil  Marcos T\u00falio de Melo, que ficar\u00e1 em Vit\u00f3ria at\u00e9 o<br \/>\n  pr\u00f3ximo dia 11, para participar tamb\u00e9m do 11\u00ba Planejamento Estrat\u00e9gico da<br \/>\n  Institui\u00e7\u00e3o capixaba.<\/p>\n<p>  O   encontro   do  11\u00ba  Planejamento  Estrat\u00e9gico  reunir\u00e1  conselheiros,<br \/>\n  inspetores, entidades de classe e institui\u00e7\u00f5es de educa\u00e7\u00e3o ligadas \u00e0 \u00e1rea<br \/>\n  tecnol\u00f3gica  que  contribuir\u00e3o nas discuss\u00f5es de tr\u00eas macro-diretrizes: O<br \/>\n  Crea  a  Servi\u00e7o  da Coletividade; o Crea e os Desafios Tecnol\u00f3gicos; e o<br \/>\n  Crea  como  Modelo  de  Organiza\u00e7\u00e3o.  Al\u00e9m  disso,  haver\u00e1 debate sobre a<br \/>\n  Conjuntura  Internacional  e  Nacional,  com  o  professor Roberto Garcia<br \/>\n  Sim\u00f5es  e  apresenta\u00e7\u00e3o dos resultados da pesquisa de opini\u00e3o encomendada<br \/>\n  pelo Crea-ES sobre a atua\u00e7\u00e3o da institui\u00e7\u00e3o em 2006.<\/p>\n<p>  SOBRE OS EVENTOS:<\/p>\n<p>  Lan\u00e7amento   6\u00ba   Concea  \/  Abertura  do  11\u00ba  Planejamento  Estrat\u00e9gico<br \/>\n  Institucional do Crea-ES<br \/>\n  Local: Plen\u00e1rio da Assembl\u00e9ia Legislativa do Esp\u00edrito Santo<br \/>\n  Data: 9 de mar\u00e7o de 2007<br \/>\n  Hor\u00e1rio: 16 horas<\/p>\n<p>  11\u00ba Planejamento Estrat\u00e9gico Institucional do Crea-ES<br \/>\n  Local: Hotel Praia Sol, Nova Almeida ? Serra (ES)<br \/>\n  Data: 9 a 11 de mar\u00e7o<\/p>\n<p>Fonte:Crea-ES <\/p>\n","protected":false},"excerpt":{"rendered":"<p>O Plen\u00e1rio da Assembl\u00e9ia Legislativa do Estado do Esp\u00edrito Santo ser\u00e1 palco, nesta sexta-feira (9\/3), a partir das 16h, do lan\u00e7amento do 6\u00ba Congresso Capixaba de Profissionais da Engenharia, Arquitetura e Agronomia (Concea) e da abertura do 11\u00ba Planejamento Estrat\u00e9gico Institucional do Crea-ES. O Presidente do Crea-ES, Eng. Civil Luis Fiorotti conduzir\u00e1 os trabalhos e [&hellip;]<\/p>\n","protected":false},"author":1,"featured_media":0,"comment_status":"open","ping_status":"open","sticky":false,"template":"","format":"standard","meta":{"footnotes":""},"categories":[1],"tags":[],"class_list":["post-7078","post","type-post","status-publish","format-standard","hentry","category-noticias"],"acf":[],"_links":{"self":[{"href":"https:\/\/www.crea-mt.org.br\/portal\/wp-json\/wp\/v2\/posts\/7078","targetHints":{"allow":["GET"]}}],"collection":[{"href":"https:\/\/www.crea-mt.org.br\/portal\/wp-json\/wp\/v2\/posts"}],"about":[{"href":"https:\/\/www.crea-mt.org.br\/portal\/wp-json\/wp\/v2\/types\/post"}],"author":[{"embeddable":true,"href":"https:\/\/www.crea-mt.org.br\/portal\/wp-json\/wp\/v2\/users\/1"}],"replies":[{"embeddable":true,"href":"https:\/\/www.crea-mt.org.br\/portal\/wp-json\/wp\/v2\/comments?post=7078"}],"version-history":[{"count":0,"href":"https:\/\/www.crea-mt.org.br\/portal\/wp-json\/wp\/v2\/posts\/7078\/revisions"}],"wp:attachment":[{"href":"https:\/\/www.crea-mt.org.br\/portal\/wp-json\/wp\/v2\/media?parent=7078"}],"wp:term":[{"taxonomy":"category","embeddable":true,"href":"https:\/\/www.crea-mt.org.br\/portal\/wp-json\/wp\/v2\/categories?post=7078"},{"taxonomy":"post_tag","embeddable":true,"href":"https:\/\/www.crea-mt.org.br\/portal\/wp-json\/wp\/v2\/tags?post=7078"}],"curies":[{"name":"wp","href":"https:\/\/api.w.org\/{rel}","templated":true}]}}