{"id":7077,"date":"2007-03-09T00:00:00","date_gmt":"2007-03-09T03:00:00","guid":{"rendered":"https:\/\/crea-mt.org.br\/portal\/liderancas-do-sistema-reunem-se-em-brasilia\/"},"modified":"2007-03-09T00:00:00","modified_gmt":"2007-03-09T03:00:00","slug":"liderancas-do-sistema-reunem-se-em-brasilia","status":"publish","type":"post","link":"https:\/\/www.crea-mt.org.br\/portal\/liderancas-do-sistema-reunem-se-em-brasilia\/","title":{"rendered":"Lideran\u00e7as do Sistema re\u00fanem-se em Bras\u00edlia"},"content":{"rendered":"<p>Uma s\u00e9rie de eventos reunir\u00e1 cerca de 400 lideran\u00e7as do Sistema Confea\/Crea no Hotel Nacional, em Bras\u00edlia, de 12 a 16 de mar\u00e7o. Ser\u00e3o presidentes de Creas; coordenadores nacionais de C\u00e2maras Especializadas; lideran\u00e7as de entidades ligadas ao Sistema, entre outros.<\/p>\n<p>Nos dias 12 e 13, haver\u00e1 o Encontro de Lideran\u00e7as, em que ser\u00e3o debatidos os grandes projetos do Sistema, al\u00e9m de assuntos de grande repercuss\u00e3o na \u00e1rea tecnol\u00f3gica. Na tarde do dia 12, os debates v\u00e3o girar em torno da Resolu\u00e7\u00e3o n\u00ba 1.010 de 2005. A norma entra em vigor este ano e modifica a forma de conferir atribui\u00e7\u00f5es profissionais.<\/p>\n<p>Como ela ser\u00e1 implantada, sua intera\u00e7\u00e3o com o sistema educacional e sua import\u00e2ncia ser\u00e3o alguns dos assuntos expostos e debatidos, por meio de palestras e mesa redonda, com participa\u00e7\u00e3o do presidente do Confea, eng. Marcos T\u00falio de Melo, do Conselheiro Lino Gilberto da Silva e do consultor prof. Ruy Vieira e do prof. Paulo Roberto da Silva.<\/p>\n<p>Na manh\u00e3 do dia 13, o Pacto Profissional e Social ser\u00e1 o tema predominante. Depois de encontros preparat\u00f3rios regionais e estaduais, as propostas que o definir\u00e3o ser\u00e3o consolidadas no 6\u00ba Congresso Nacional dos Profissionais (CNP), evento paralelo \u00e0 Semana Oficial da Engenharia, da Arquitetura e da Agronomia, que acontece de 12 a 18 de agosto no Rio de Janeiro (RJ).<\/p>\n<p>O projeto Pensar o Brasil, construir o futuro da na\u00e7\u00e3o ser\u00e1 o destaque da tarde de ter\u00e7a-feira. Antes de o coordenador do projeto, eng. Luiz Carlos Soares, apresentar suas linhas de atua\u00e7\u00e3o, haver\u00e1 palestras sobre temas que est\u00e3o na ordem do dia e se relacionam com o projeto. A primeira ser\u00e1 &#8220;aquecimento global: mudan\u00e7as globais e de clima&#8221;, apresentada por Jos\u00e9 Domingos Gonz\u00e1les Miguez, do Minist\u00e9rio da Ci\u00eancia e da Tecnologia.<\/p>\n<p>Haver\u00e1 ainda debates em torno do desenvolvimento, integra\u00e7\u00e3o o ocupa\u00e7\u00e3o econ\u00f4mica e territorial no Brasil e uma vis\u00e3o de futuro do Brasil. Desses temas, participar\u00e3o os economistas T\u00e2nia Bacelar e Carlos Lessa. Ao final do dia, o economista C\u00e9sar Benjamim far\u00e1 considera\u00e7\u00f5es sobre o Projeto Pensar o Brasil. Para encerrar o dia, a eng. e arq. Carmem Eleonora Soares apresentar\u00e1 a agenda parlamentar do Sistema.<\/p>\n<p>Coordenadorias de C\u00e2maras<br \/>\nNos dias 15 e 16 de mar\u00e7o, haver\u00e1 ainda reuni\u00f5es das Coordenadorias de C\u00e2maras Especializadas dos Creas. Haver\u00e1 elei\u00e7\u00e3o para coordenador nacional e seu adjunto para o exerc\u00edcio de 2007 e apresenta\u00e7\u00e3o do relat\u00f3rio sobre atividades do exerc\u00edcio de 2006.<br \/>\nCompostas as C\u00e2maras, cada uma delas elaborar\u00e1 proposta de trabalho para o exerc\u00edcio de 2007, al\u00e9m de um calend\u00e1rio de reuni\u00f5es para o ano. Nas c\u00e2maras, as lideran\u00e7as realizar\u00e3o discuss\u00f5es t\u00e9cnicas e elaborar\u00e3o propostas.<\/p>\n<p>As C\u00e2maras v\u00e3o se reunir, ainda, com a Comiss\u00e3o de \u00c9tica e Exerc\u00edcio Profissional (CEEP) e com a Comiss\u00e3o de Educa\u00e7\u00e3o e Atribui\u00e7\u00e3o Profissional (CEAP).<br \/>\nDurante a semana, haver\u00e1 ainda o Semin\u00e1rio de Integra\u00e7\u00e3o de A\u00e7\u00e3o Parlamentar; o Col\u00e9gio de Presidentes do Sistema Confea\/Crea e o Col\u00e9gio de Entidades Nacionais.<br \/>\nConhe\u00e7a a programa\u00e7\u00e3o do evento.<\/p>\n<p>Fonte:Confea<\/p>\n","protected":false},"excerpt":{"rendered":"<p>Uma s\u00e9rie de eventos reunir\u00e1 cerca de 400 lideran\u00e7as do Sistema Confea\/Crea no Hotel Nacional, em Bras\u00edlia, de 12 a 16 de mar\u00e7o. Ser\u00e3o presidentes de Creas; coordenadores nacionais de C\u00e2maras Especializadas; lideran\u00e7as de entidades ligadas ao Sistema, entre outros. Nos dias 12 e 13, haver\u00e1 o Encontro de Lideran\u00e7as, em que ser\u00e3o debatidos os [&hellip;]<\/p>\n","protected":false},"author":1,"featured_media":0,"comment_status":"open","ping_status":"open","sticky":false,"template":"","format":"standard","meta":{"footnotes":""},"categories":[1],"tags":[],"class_list":["post-7077","post","type-post","status-publish","format-standard","hentry","category-noticias"],"acf":[],"_links":{"self":[{"href":"https:\/\/www.crea-mt.org.br\/portal\/wp-json\/wp\/v2\/posts\/7077","targetHints":{"allow":["GET"]}}],"collection":[{"href":"https:\/\/www.crea-mt.org.br\/portal\/wp-json\/wp\/v2\/posts"}],"about":[{"href":"https:\/\/www.crea-mt.org.br\/portal\/wp-json\/wp\/v2\/types\/post"}],"author":[{"embeddable":true,"href":"https:\/\/www.crea-mt.org.br\/portal\/wp-json\/wp\/v2\/users\/1"}],"replies":[{"embeddable":true,"href":"https:\/\/www.crea-mt.org.br\/portal\/wp-json\/wp\/v2\/comments?post=7077"}],"version-history":[{"count":0,"href":"https:\/\/www.crea-mt.org.br\/portal\/wp-json\/wp\/v2\/posts\/7077\/revisions"}],"wp:attachment":[{"href":"https:\/\/www.crea-mt.org.br\/portal\/wp-json\/wp\/v2\/media?parent=7077"}],"wp:term":[{"taxonomy":"category","embeddable":true,"href":"https:\/\/www.crea-mt.org.br\/portal\/wp-json\/wp\/v2\/categories?post=7077"},{"taxonomy":"post_tag","embeddable":true,"href":"https:\/\/www.crea-mt.org.br\/portal\/wp-json\/wp\/v2\/tags?post=7077"}],"curies":[{"name":"wp","href":"https:\/\/api.w.org\/{rel}","templated":true}]}}