{"id":7076,"date":"2007-03-09T00:00:00","date_gmt":"2007-03-09T03:00:00","guid":{"rendered":"https:\/\/crea-mt.org.br\/portal\/crea-ma-assina-convenio-com-a-univima\/"},"modified":"2007-03-09T00:00:00","modified_gmt":"2007-03-09T03:00:00","slug":"crea-ma-assina-convenio-com-a-univima","status":"publish","type":"post","link":"https:\/\/www.crea-mt.org.br\/portal\/crea-ma-assina-convenio-com-a-univima\/","title":{"rendered":"Crea-MA assina conv\u00eanio com a Univima"},"content":{"rendered":"<p>O governador do Maranh\u00e3o, Jackson Lago,  \u00e9 um dos convidados para participar da solenidade de assinatura de conv\u00eanio entre o Crea-MA  e a Universidade Virtual do Estado &#8211; Univima &#8211; na pr\u00f3xima segunda-feira12, \u00e0s 9h, na sede do Regional. <\/p>\n<p>O compromisso visa \u00e0 realiza\u00e7\u00e3o do 6\u00ba Congresso Estadual dos Profissionais (CEP), que este ano acontece no Pal\u00e1cio Henrique de La Rocque, dias 19 e 20 de abril, simultaneamente com os Escrit\u00f3rios da Univima, onde existem tamb\u00e9m as Inspetorias Regionais do Crea.<\/p>\n<p>Para o presidente do Crea-MA, engenheiro Raymundo Portelada, esta \u00e9 a primeira vez que a institui\u00e7\u00e3o firma conv\u00eanio com o governo, por meio da Univima, para a realiza\u00e7\u00e3o pioneira de um evento dessa natureza. <\/p>\n<p>O reitor da Univima, Othon de Carvalho Bastos, por sua vez,  ressalta que a Universidade, tem como princ\u00edpios a democratiza\u00e7\u00e3o do acesso \u00e0 educa\u00e7\u00e3o \u00e0 dist\u00e2ncia, a integra\u00e7\u00e3o entre ensino, pesquisa, extens\u00e3o e tecnologia.  <\/p>\n<p>Pacto Profissional e Social<br \/>\nO 6\u00ba CEP, segundo o seu coordenador, eng. civil Francisco Albuquerque, discutir\u00e1 as mudan\u00e7as na legisla\u00e7\u00e3o do Sistema Confea\/Crea, com foco no desenvolvimento da engenharia no pa\u00eds. O chamado novo Pacto Profissional e Social ser\u00e1 resultado de um esfor\u00e7o que come\u00e7a em reuni\u00f5es regionais, nas quais ser\u00e3o discutidas propostas a serem compiladas nessa 6\u00aa edi\u00e7\u00e3o do Congresso Nacional de Profissionais (CNP)<br \/>\n                             ]<br \/>\nDurante o CEP ser\u00e3o escolhidos os delegados que participar\u00e3o do CNP, de 12 a 18 de agosto, no Rio de Janeiro, evento paralelo \u00e0 64\u00aa. Soeaa e \u00e0 Feira Tecnol\u00f3gica. <\/p>\n<p>Fonte: Crea-MA<\/p>\n","protected":false},"excerpt":{"rendered":"<p>O governador do Maranh\u00e3o, Jackson Lago, \u00e9 um dos convidados para participar da solenidade de assinatura de conv\u00eanio entre o Crea-MA e a Universidade Virtual do Estado &#8211; Univima &#8211; na pr\u00f3xima segunda-feira12, \u00e0s 9h, na sede do Regional. O compromisso visa \u00e0 realiza\u00e7\u00e3o do 6\u00ba Congresso Estadual dos Profissionais (CEP), que este ano acontece [&hellip;]<\/p>\n","protected":false},"author":1,"featured_media":0,"comment_status":"open","ping_status":"open","sticky":false,"template":"","format":"standard","meta":{"footnotes":""},"categories":[1],"tags":[],"class_list":["post-7076","post","type-post","status-publish","format-standard","hentry","category-noticias"],"acf":[],"_links":{"self":[{"href":"https:\/\/www.crea-mt.org.br\/portal\/wp-json\/wp\/v2\/posts\/7076","targetHints":{"allow":["GET"]}}],"collection":[{"href":"https:\/\/www.crea-mt.org.br\/portal\/wp-json\/wp\/v2\/posts"}],"about":[{"href":"https:\/\/www.crea-mt.org.br\/portal\/wp-json\/wp\/v2\/types\/post"}],"author":[{"embeddable":true,"href":"https:\/\/www.crea-mt.org.br\/portal\/wp-json\/wp\/v2\/users\/1"}],"replies":[{"embeddable":true,"href":"https:\/\/www.crea-mt.org.br\/portal\/wp-json\/wp\/v2\/comments?post=7076"}],"version-history":[{"count":0,"href":"https:\/\/www.crea-mt.org.br\/portal\/wp-json\/wp\/v2\/posts\/7076\/revisions"}],"wp:attachment":[{"href":"https:\/\/www.crea-mt.org.br\/portal\/wp-json\/wp\/v2\/media?parent=7076"}],"wp:term":[{"taxonomy":"category","embeddable":true,"href":"https:\/\/www.crea-mt.org.br\/portal\/wp-json\/wp\/v2\/categories?post=7076"},{"taxonomy":"post_tag","embeddable":true,"href":"https:\/\/www.crea-mt.org.br\/portal\/wp-json\/wp\/v2\/tags?post=7076"}],"curies":[{"name":"wp","href":"https:\/\/api.w.org\/{rel}","templated":true}]}}