{"id":7075,"date":"2007-03-09T00:00:00","date_gmt":"2007-03-09T03:00:00","guid":{"rendered":"https:\/\/crea-mt.org.br\/portal\/congresso-pan-americano-de-engenheiros-sera-em-brasilia\/"},"modified":"2007-03-09T00:00:00","modified_gmt":"2007-03-09T03:00:00","slug":"congresso-pan-americano-de-engenheiros-sera-em-brasilia","status":"publish","type":"post","link":"https:\/\/www.crea-mt.org.br\/portal\/congresso-pan-americano-de-engenheiros-sera-em-brasilia\/","title":{"rendered":"Congresso pan-americano de engenheiros ser\u00e1 em Bras\u00edlia"},"content":{"rendered":"<p>A 31\u00ba Congresso da Uni\u00e3o Pan-Americana de Associa\u00e7\u00f5es de Engenheiros (Upadi, na sigla em espanhol), que seria realizada na cidade de Havana, em Cuba, foi transferida para o Brasil. O evento ocorrer\u00e1 no contexto do Congresso Mundial de Engenheiros (WEC, na sigla em ingl\u00eas), cuja 3\u00aa edi\u00e7\u00e3o ser\u00e1 em Bras\u00edlia, em dezembro de 2008.<\/p>\n<p>A decis\u00e3o foi tomada em miss\u00e3o a Cuba, de que participaram, esta semana, os presidentes do Conselho Federal de Engenharia, Arquitetura e Agronomia, eng. Marcos T\u00falio de Melo; da Federa\u00e7\u00e3o Brasileira de Associa\u00e7\u00f5es de Engenheiros (Febrae), eng. Carlos Moura; e da Upadi, Cl\u00e1udio Dall&#8217;Acqua.<\/p>\n<p>Eles negociaram a transfer\u00eancia do evento com o presidente da Uni\u00e3o Nacional de Arquitetos e Engenheiros de Constru\u00e7\u00e3o de Cuba (UNAICC, na sigla em espanhol), J\u00falio Ant\u00f4nio Salgado. &#8220;Os objetivos de ambos os eventos s\u00e3o semelhantes e o p\u00fablico alvo \u00e9 o mesmo. Corr\u00edamos o risco de o sucesso de um evento esvaziar o outro&#8221;, argumentou o presidente Carlos Moura.<\/p>\n<p>Segundo ele, est\u00e1 decidido que o evento ser\u00e1 no Brasil, mas nos dias 23 e 24 de mar\u00e7o, haver\u00e1 outra reuni\u00e3o, entre UNAICC e a Febrae para definir detalhes do acordo. &#8220;A UNAICC quer garantir que a pr\u00f3xima edi\u00e7\u00e3o do evento, em 2010, seja realizada em Cuba. N\u00e3o podemos garantir, mas vamos apoiar&#8221;, ressaltou Moura.<\/p>\n<p>Ele afirmou que far\u00e1 o poss\u00edvel para garantir uma ampla participa\u00e7\u00e3o Cubana tanto na WEC como na conven\u00e7\u00e3o da Upadi. Para isso, tentar\u00e1 viabilizar v\u00f4os fretados de Havana para Bras\u00edlia, al\u00e9m de negociar com a M\u00fatua, a caixa de assist\u00eancia dos profissionais do sistema, facilidades para hospedar a delega\u00e7\u00e3o Cubana.<\/p>\n<p>Fonte:Confea<\/p>\n","protected":false},"excerpt":{"rendered":"<p>A 31\u00ba Congresso da Uni\u00e3o Pan-Americana de Associa\u00e7\u00f5es de Engenheiros (Upadi, na sigla em espanhol), que seria realizada na cidade de Havana, em Cuba, foi transferida para o Brasil. O evento ocorrer\u00e1 no contexto do Congresso Mundial de Engenheiros (WEC, na sigla em ingl\u00eas), cuja 3\u00aa edi\u00e7\u00e3o ser\u00e1 em Bras\u00edlia, em dezembro de 2008. A [&hellip;]<\/p>\n","protected":false},"author":1,"featured_media":0,"comment_status":"open","ping_status":"open","sticky":false,"template":"","format":"standard","meta":{"footnotes":""},"categories":[1],"tags":[],"class_list":["post-7075","post","type-post","status-publish","format-standard","hentry","category-noticias"],"acf":[],"_links":{"self":[{"href":"https:\/\/www.crea-mt.org.br\/portal\/wp-json\/wp\/v2\/posts\/7075","targetHints":{"allow":["GET"]}}],"collection":[{"href":"https:\/\/www.crea-mt.org.br\/portal\/wp-json\/wp\/v2\/posts"}],"about":[{"href":"https:\/\/www.crea-mt.org.br\/portal\/wp-json\/wp\/v2\/types\/post"}],"author":[{"embeddable":true,"href":"https:\/\/www.crea-mt.org.br\/portal\/wp-json\/wp\/v2\/users\/1"}],"replies":[{"embeddable":true,"href":"https:\/\/www.crea-mt.org.br\/portal\/wp-json\/wp\/v2\/comments?post=7075"}],"version-history":[{"count":0,"href":"https:\/\/www.crea-mt.org.br\/portal\/wp-json\/wp\/v2\/posts\/7075\/revisions"}],"wp:attachment":[{"href":"https:\/\/www.crea-mt.org.br\/portal\/wp-json\/wp\/v2\/media?parent=7075"}],"wp:term":[{"taxonomy":"category","embeddable":true,"href":"https:\/\/www.crea-mt.org.br\/portal\/wp-json\/wp\/v2\/categories?post=7075"},{"taxonomy":"post_tag","embeddable":true,"href":"https:\/\/www.crea-mt.org.br\/portal\/wp-json\/wp\/v2\/tags?post=7075"}],"curies":[{"name":"wp","href":"https:\/\/api.w.org\/{rel}","templated":true}]}}